{"id":1018,"date":"2014-12-26T22:00:53","date_gmt":"2014-12-26T20:00:53","guid":{"rendered":"http:\/\/panamericana-live.de\/?p=1018"},"modified":"2015-01-04T04:09:56","modified_gmt":"2015-01-04T02:09:56","slug":"zu-weihnachten-am-nabel-der-welt-cusco","status":"publish","type":"post","link":"https:\/\/panamericana-live.de\/?p=1018","title":{"rendered":"Zu Weihnachten am Nabel der Welt: Cusco"},"content":{"rendered":"<p style=\"text-align: right;\"><strong>Kilometerstand<\/strong><br \/>\nAnfang: Arequipa (Peru): 14.197 km<br \/>\nAnkunft: Cusco (Peru): 14.820 km<br \/>\nGesamtetappe: 623 km<\/p>\n<p>Uns ging es wieder besser und so verlie\u00dfen wir noch vor Weihnachten <em>Arequipa<\/em>. Da wir mit Einkaufen, Frischwassertankreinigen, allgemeinem Aufr\u00e4umen, Einpacken und dem \u00dcbersetzen einer Zollrechnung mal wieder lange besch\u00e4ftigt waren, konnten wir erst am sp\u00e4ten Mittag aufbrechen. Dementsprechend landeten wir wieder in <em>Santa Lucia<\/em> auf dem Truckerstopp, wo wir schon auf dem Hinweg \u00fcbernachtet hatten. \u00dcbrigens seit <em>Feuerland<\/em> das erste Mal, dass wir dieselbe\u00a0Strecke hin und zur\u00fcck fahren mussten. W\u00e4hrend wir den Hinweg nach <em>Arequipa<\/em> zuletzt als langweilig empfunden hatten, war die R\u00fcckfahrt interessanter: erst zahlreiche Vicu\u00f1as, dann viele Flamingos und stimmungsvolle Nebelschwaden \u00fcber dem sch\u00f6nen Pass. Die Nacht in <em>Santa Lucia<\/em> war im Gro\u00dfen und Ganzen \u00e4hnlich unruhig wie die erste Nacht dort. Nur die morgendliche Backstreetboys-Beschallung fehlte ;-).<\/p>\n<p><a href=\"http:\/\/panamericana-live.de\/?attachment_id=1044\" rel=\"attachment wp-att-1044\"><img loading=\"lazy\" decoding=\"async\" class=\"alignleft size-thumbnail wp-image-1044\" src=\"http:\/\/panamericana-live.de\/wp-content\/uploads\/2015\/01\/DSC_2671-300x300.jpg\" alt=\"Pukara\" width=\"300\" height=\"300\" \/><\/a>Am Mittwoch, es war Heiligabend, ging es sehr fr\u00fch los. Wir wollten n\u00e4mlich <em>Cusco<\/em> erreichen, das stolze 400 km entfernt lag. In <em>Pukara<\/em> legten wir einen kurzen Stopp ein und besichtigten die Kirche, in der flei\u00dfig f\u00fcr die Christmette aufgebaut und geschm\u00fcckt wurde. Vor dem <em>Abra La Raya<\/em>-Pass war die Landschaft etwas eint\u00f6nig. Wir fuhren vorbei an trockenen Feldern und sehr einfachen Lehmh\u00fctten ohne Stromversorgung und diskutierten \u00fcber den Erhalt von Traditionen und moderne Entwicklungen&#8230; kompliziertes Thema :-). Nach dem Pass ver\u00e4nderte sich die Gegend aufgrund einer Wasserscheide und es wurde zunehmend gr\u00fcner, wor\u00fcber wir uns sehr freuten. Die Stra\u00dfe f\u00fchrte nun durch aneinandergereihte D\u00f6rfer, in denen die Geschwindigkeit auf 35 kmh (!) reduziert wurde. Wir\u00a0versuchten uns daran zu halten &#8211; die <em>Policia carretera<\/em> war n\u00e4mlich reichlich vertreten! Sowieso war &#8222;Kontrolltag&#8220; &#8211; dreimal wurden wir angehalten, wobei aber nur die erste Kontrolle ein wenig unangenehm verlief. Der Polizist wollte irgendetwas finden, um kassieren zu k\u00f6nnen. Nachdem die Papiere in Ordnung waren, kritisierte er unsere Reflektorstreifen am Auto. Die sind in <em>Peru<\/em> gesetzlich vorgeschrieben&#8230; Ja, unsere gelben Streifen aus dem Fahrradzubeh\u00f6r waren tats\u00e4chlich winzig, das st\u00f6rte bisher aber niemanden&#8230; Letztlich duften wir &#8211; zum Gl\u00fcck ohne schmieren zu m\u00fcssen &#8211; weiterfahren, nachdem wir versprochen hatten, in <em>Cusco<\/em> &#8222;richtige&#8220; Reflektorstreifen zu kaufen. Die Kontrollen der anderen Polizisten waren \u00fcbrigens unkompliziert, nach dem Vorzeigen von Einfuhrpapier und P\u00e4ssen durften wir sofort weiterfahren.<\/p>\n<p>Gegen 18 Uhr waren wir endlich auf dem <em>Camping Quinta Lala<\/em>, auch wieder so ein Ort, wo alle hinfahren. Es gibt in <em>Cusco<\/em> jedoch keine Camping-Alternative. Nach dem Einchecken stellten wir begeistert fest, dass das man \u00fcber WLAN ziemlich gut facetimen konnte &#8211; sogar mit Bild :-). So w\u00fcnschten wir unseren Familien in <em>Ratingen<\/em> und <em>Siegen<\/em> Frohe Weihnachten, die wegen der Zeitverschiebung sechs Stunden weiter waren. Anschlie\u00dfend stellten wir unseren Baum, \u00e4hm unser 15 cm kleines Mini-Draht-Plastik-B\u00e4umchen auf. Mit gedecktem Tisch und weihnachtlicher Dekoration kam auch bei uns langsam Weihnachtsstimmung auf und wir lie\u00dfen uns unsere Pesto-Nudeln, Wein und die Lambertz-Lebkuchen schmecken. Sp\u00e4ter klopften Max und Alessandro, unsere Platznachbarn, an und wir quatschten noch ein wenig.<\/p>\n<p>Am n\u00e4chsten Mittag liefen wir 20 Minuten bergab bis in das Stadtzentrum von <em>Cusco<\/em>. Weil Feiertag war, war die Stadt auf den ersten Blick\u00a0ziemlich leergefegt, und auch viele Superm\u00e4rkte hatten geschlossen. Wir wollten abends grillen und suchten h\u00e4nderingend eine Einkaufsm\u00f6glichkeit. Auf dem Markt gab es leider nur noch lammelige H\u00fchnchen und so suchten wir weiter. Der Weg f\u00fchrte fernab der Touri-Zone durch einen &#8222;Klamottenmarkt&#8220;, wo man von Jeans \u00fcber Unterw\u00e4sche bis Schuhe alles m\u00f6gliche bekommen konnte. Die Kleidung lag teilweise auf Folien zwischen dem M\u00fcll auf dem Boden, die Schuhe alle in einem Karton durcheinander, sodass erstmal lange das Gegenst\u00fcck gesucht werden musste. Dazwischen dr\u00e4ngten die Menschen und wir wollten eigentlich nur schnell durchkommen. Mmmh, irgendwie f\u00fchlten wir uns nach Indien versetzt :-)! Im Supermarkt mit dem sch\u00f6nen Namen <em>Orion<\/em> wurden wir schlie\u00dflich f\u00fcndig. Die Mitarbeiter waren zwar maximal unmotiviert, aber wir bekamen alles, was wir wollten, sodass dem Grillabend nichts mehr im Wege stand.<\/p>\n<p>Heute\u00a0k\u00fcmmerten wir uns dann zu allererst um die <em>Machu Picchu<\/em>-Tour. Im Zickzack liefen wir durch die Stadt, erst zur Touri-Info, von dort zum Kultusministerium am anderen Ende, um die Eintrittskarten zu kaufen, und dann wieder zur\u00fcck zur <em>Plaza de Armas<\/em>, um ein Zugticket zu ergattern&#8230; Geschafft &#8211; zumindest f\u00fcr die Hinfahrt! Nachdem wir uns mit einer Pizza gest\u00e4rkt hatten, die nebenbei dank Holzofen viel besser als erwartet war, starteten wir unser Sightseeing-Programm. Und wieder einmal erwies sich der Reise-Know-How-Reisef\u00fchrer als sehr lohnend! Auf die Kathedrale hatten wir keine Lust, aber die <em>Iglesia San Blas<\/em> war sehr beeindruckend. Wir entdeckten viele interessante Ecken und verga\u00dfen den Organisationsstress vom Vormittag. Der Stadtspaziergang f\u00fchrte durch kleine G\u00e4sschen bis zum <em>Convento Santo Domingo<\/em>, wo angeblich ein Erdbeben 1950 in der Klosteranlage riesige Inkaruinen freilegte. Jedoch kann man sich kaum vorstellen, dass die <em>Jesuiten<\/em> nicht gewusst haben wollen, welche Sch\u00e4tze unter ihren Mauern ruhen&#8230;<\/p>\n\n<div class='gallery'><dl class='gallery-item'>\n\t\t\t<dt class='gallery-icon landscape'>\n\t\t\t\t<a href='https:\/\/panamericana-live.de\/?attachment_id=1045'><img loading=\"lazy\" decoding=\"async\" width=\"300\" height=\"300\" src=\"https:\/\/panamericana-live.de\/wp-content\/uploads\/2015\/01\/DSC_2678-300x300.jpg\" class=\"attachment-thumbnail size-thumbnail\" alt=\"\" \/><\/a>\n\t\t\t<\/dt><\/dl><dl class='gallery-item'>\n\t\t\t<dt class='gallery-icon landscape'>\n\t\t\t\t<a href='https:\/\/panamericana-live.de\/?attachment_id=1046'><img loading=\"lazy\" decoding=\"async\" width=\"300\" height=\"300\" src=\"https:\/\/panamericana-live.de\/wp-content\/uploads\/2015\/01\/DSC_2692-300x300.jpg\" class=\"attachment-thumbnail size-thumbnail\" alt=\"\" \/><\/a>\n\t\t\t<\/dt><\/dl><dl class='gallery-item'>\n\t\t\t<dt class='gallery-icon portrait'>\n\t\t\t\t<a href='https:\/\/panamericana-live.de\/?attachment_id=1047'><img loading=\"lazy\" decoding=\"async\" width=\"300\" height=\"300\" src=\"https:\/\/panamericana-live.de\/wp-content\/uploads\/2015\/01\/DSC_2707-300x300.jpg\" class=\"attachment-thumbnail size-thumbnail\" alt=\"\" \/><\/a>\n\t\t\t<\/dt><\/dl><br style=\"clear: both\" \/><dl class='gallery-item'>\n\t\t\t<dt class='gallery-icon portrait'>\n\t\t\t\t<a href='https:\/\/panamericana-live.de\/?attachment_id=1048'><img loading=\"lazy\" decoding=\"async\" width=\"300\" height=\"300\" src=\"https:\/\/panamericana-live.de\/wp-content\/uploads\/2015\/01\/DSC_2713-300x300.jpg\" class=\"attachment-thumbnail size-thumbnail\" alt=\"\" \/><\/a>\n\t\t\t<\/dt><\/dl><dl class='gallery-item'>\n\t\t\t<dt class='gallery-icon landscape'>\n\t\t\t\t<a href='https:\/\/panamericana-live.de\/?attachment_id=1049'><img loading=\"lazy\" decoding=\"async\" width=\"300\" height=\"300\" src=\"https:\/\/panamericana-live.de\/wp-content\/uploads\/2015\/01\/DSC_2714-300x300.jpg\" class=\"attachment-thumbnail size-thumbnail\" alt=\"\" \/><\/a>\n\t\t\t<\/dt><\/dl><dl class='gallery-item'>\n\t\t\t<dt class='gallery-icon landscape'>\n\t\t\t\t<a href='https:\/\/panamericana-live.de\/?attachment_id=1050'><img loading=\"lazy\" decoding=\"async\" width=\"300\" height=\"300\" src=\"https:\/\/panamericana-live.de\/wp-content\/uploads\/2015\/01\/DSC_2736-300x300.jpg\" class=\"attachment-thumbnail size-thumbnail\" alt=\"\" \/><\/a>\n\t\t\t<\/dt><\/dl><br style=\"clear: both\" \/><dl class='gallery-item'>\n\t\t\t<dt class='gallery-icon landscape'>\n\t\t\t\t<a href='https:\/\/panamericana-live.de\/?attachment_id=1051'><img loading=\"lazy\" decoding=\"async\" width=\"300\" height=\"300\" src=\"https:\/\/panamericana-live.de\/wp-content\/uploads\/2015\/01\/DSC_2737-300x300.jpg\" class=\"attachment-thumbnail size-thumbnail\" alt=\"\" \/><\/a>\n\t\t\t<\/dt><\/dl><dl class='gallery-item'>\n\t\t\t<dt class='gallery-icon landscape'>\n\t\t\t\t<a href='https:\/\/panamericana-live.de\/?attachment_id=1052'><img loading=\"lazy\" decoding=\"async\" width=\"300\" height=\"300\" src=\"https:\/\/panamericana-live.de\/wp-content\/uploads\/2015\/01\/DSC_2741-300x300.jpg\" class=\"attachment-thumbnail size-thumbnail\" alt=\"\" \/><\/a>\n\t\t\t<\/dt><\/dl><dl class='gallery-item'>\n\t\t\t<dt class='gallery-icon landscape'>\n\t\t\t\t<a href='https:\/\/panamericana-live.de\/?attachment_id=1053'><img loading=\"lazy\" decoding=\"async\" width=\"300\" height=\"300\" src=\"https:\/\/panamericana-live.de\/wp-content\/uploads\/2015\/01\/DSC_2750-300x300.jpg\" class=\"attachment-thumbnail size-thumbnail\" alt=\"\" \/><\/a>\n\t\t\t<\/dt><\/dl><br style=\"clear: both\" \/>\n\t\t<\/div>\n\n","protected":false},"excerpt":{"rendered":"<p>Kilometerstand Anfang: Arequipa (Peru): 14.197 km Ankunft: Cusco (Peru): 14.820 km Gesamtetappe: 623 km Uns ging es wieder besser und so verlie\u00dfen wir noch vor Weihnachten Arequipa. Da wir mit Einkaufen, Frischwassertankreinigen, allgemeinem Aufr\u00e4umen, Einpacken &hellip; <a href=\"https:\/\/panamericana-live.de\/?p=1018\">Weiterlesen<\/a><\/p>\n","protected":false},"author":2,"featured_media":0,"comment_status":"open","ping_status":"open","sticky":false,"template":"","format":"standard","meta":{"footnotes":""},"categories":[42],"tags":[25,43,26,27],"_links":{"self":[{"href":"https:\/\/panamericana-live.de\/index.php?rest_route=\/wp\/v2\/posts\/1018"}],"collection":[{"href":"https:\/\/panamericana-live.de\/index.php?rest_route=\/wp\/v2\/posts"}],"about":[{"href":"https:\/\/panamericana-live.de\/index.php?rest_route=\/wp\/v2\/types\/post"}],"author":[{"embeddable":true,"href":"https:\/\/panamericana-live.de\/index.php?rest_route=\/wp\/v2\/users\/2"}],"replies":[{"embeddable":true,"href":"https:\/\/panamericana-live.de\/index.php?rest_route=%2Fwp%2Fv2%2Fcomments&post=1018"}],"version-history":[{"count":5,"href":"https:\/\/panamericana-live.de\/index.php?rest_route=\/wp\/v2\/posts\/1018\/revisions"}],"predecessor-version":[{"id":1054,"href":"https:\/\/panamericana-live.de\/index.php?rest_route=\/wp\/v2\/posts\/1018\/revisions\/1054"}],"wp:attachment":[{"href":"https:\/\/panamericana-live.de\/index.php?rest_route=%2Fwp%2Fv2%2Fmedia&parent=1018"}],"wp:term":[{"taxonomy":"category","embeddable":true,"href":"https:\/\/panamericana-live.de\/index.php?rest_route=%2Fwp%2Fv2%2Fcategories&post=1018"},{"taxonomy":"post_tag","embeddable":true,"href":"https:\/\/panamericana-live.de\/index.php?rest_route=%2Fwp%2Fv2%2Ftags&post=1018"}],"curies":[{"name":"wp","href":"https:\/\/api.w.org\/{rel}","templated":true}]}}