{"id":1305,"date":"2015-02-05T20:10:46","date_gmt":"2015-02-05T18:10:46","guid":{"rendered":"http:\/\/panamericana-live.de\/?p=1305"},"modified":"2015-02-21T20:14:59","modified_gmt":"2015-02-21T18:14:59","slug":"markttag-in-guamote","status":"publish","type":"post","link":"https:\/\/panamericana-live.de\/?p=1305","title":{"rendered":"Markttag in Guamote"},"content":{"rendered":"<p style=\"text-align: right;\"><strong>Kilometerstand<\/strong><br \/>\nAnfang: San Pedro de Alaus\u00ed (Ecuador): 18.690 km<br \/>\nAnkunft: Ba\u00f1os (Ecuador): 18.873 km<br \/>\nEtappe: 183 km<\/p>\n<p><a href=\"http:\/\/panamericana-live.de\/?attachment_id=1264\" rel=\"attachment wp-att-1264\"><img loading=\"lazy\" decoding=\"async\" class=\"alignright size-thumbnail wp-image-1264\" src=\"http:\/\/panamericana-live.de\/wp-content\/uploads\/2015\/02\/DSC_1067-300x300.jpg\" alt=\"M\u00f6hrenfachverkauf\" width=\"300\" height=\"300\" \/><\/a>Wir lieben es \u00fcber sch\u00f6ne M\u00e4rkte zu schlendern. So war es selbstverst\u00e4ndlich, einen Stopp in <em>Guamote<\/em> zum donnerst\u00e4glichen Wochenmarkt einzulegen, sollte es sich doch um einen der sch\u00f6nsten und authentischsten M\u00e4rkte in Ecuador handeln, der von vielen Einheimischen aus den umliegenden D\u00f6rfern besucht wird. Die Zeiten von bepackten Eseln und Lamas, wie der Reisef\u00fchrer es beschreibt, sind vorbei und die Stra\u00dfen waren mit Reisebussen und kleineren LKWs wegen des gro\u00dfen Andrangs verstopft. Nichtsdestotrotz erschienen die meisten Indigenas in traditioneller Kleidung und viele trugen oder besser schleppten ihre Lasten auf dem R\u00fccken (ein 25 kg Sack M\u00f6hren und ein Kind auf demselben R\u00fccken, kein Problem!). Der Markt zog sich durch alle Stra\u00dfen der kleinen Ortschaft und wir bestaunten die unterschiedlichen Sorten und gro\u00dfen Mengen von Kartoffeln und riesigen S\u00e4cken mit M\u00f6hren, die alle nebeneinander auf dem Hauptmarkplatz verkauft wurden. In den Seitenstra\u00dfen gab es St\u00e4nde mit Obst und Gem\u00fcse, Brot, (ebenfalls) riesige S\u00e4cke mit Reis, Mehl und Mais, traditionelle R\u00f6cke, Trachten und H\u00fcte, amerikanische Capies, Haushaltsgegenst\u00e4nde und von Sonnenblumen\u00f6l, Haarshampoo bis zu Klopapier alles, was man braucht.<\/p>\n<p>Vielleicht lag es auch an der fr\u00fchen Uhrzeit, wir waren jedenfalls die einzigen Touristen. Die Marktfrau kommentierte etwas irritiert aber freundlich, ob wir wirklich nur ein Kilogramm Reis und keinen 10 kg Sack wollen. \u201eIhr wollt kochen?\u201c, fragte sie. Wir erkl\u00e4rten, dass wir mit einem Wohnmobil unterwegs seien und wirklich keinen Platz f\u00fcr mehr Vorr\u00e4te h\u00e4tten. \u00c0 propros Vorr\u00e4te, bei <em>Julio<\/em>, dem Ranger im <em>Nationalpark Huascar\u00e1n<\/em>, entdeckten wir einen 49 kg (!) Reissack in der K\u00fcche!!! Was wir noch entdeckten, war ein <em>Stihl<\/em>-Stand, der auf uns irgendwie deplaziert wirkte, aber scheinbar werden auf dem Donnerstagsmarkt auch deutsche Motors\u00e4gen verkauft.<\/p>\n\n<div class='gallery'><dl class='gallery-item'>\n\t\t\t<dt class='gallery-icon landscape'>\n\t\t\t\t<a href='https:\/\/panamericana-live.de\/?attachment_id=1265'><img loading=\"lazy\" decoding=\"async\" width=\"300\" height=\"300\" src=\"https:\/\/panamericana-live.de\/wp-content\/uploads\/2015\/02\/DSC_1071-300x300.jpg\" class=\"attachment-thumbnail size-thumbnail\" alt=\"\" \/><\/a>\n\t\t\t<\/dt><\/dl><dl class='gallery-item'>\n\t\t\t<dt class='gallery-icon landscape'>\n\t\t\t\t<a href='https:\/\/panamericana-live.de\/?attachment_id=1266'><img loading=\"lazy\" decoding=\"async\" width=\"300\" height=\"300\" src=\"https:\/\/panamericana-live.de\/wp-content\/uploads\/2015\/02\/DSC_1078-300x300.jpg\" class=\"attachment-thumbnail size-thumbnail\" alt=\"\" \/><\/a>\n\t\t\t<\/dt><\/dl><dl class='gallery-item'>\n\t\t\t<dt class='gallery-icon landscape'>\n\t\t\t\t<a href='https:\/\/panamericana-live.de\/?attachment_id=1267'><img loading=\"lazy\" decoding=\"async\" width=\"300\" height=\"300\" src=\"https:\/\/panamericana-live.de\/wp-content\/uploads\/2015\/02\/DSC_1083-300x300.jpg\" class=\"attachment-thumbnail size-thumbnail\" alt=\"\" \/><\/a>\n\t\t\t<\/dt><\/dl><br style=\"clear: both\" \/><dl class='gallery-item'>\n\t\t\t<dt class='gallery-icon landscape'>\n\t\t\t\t<a href='https:\/\/panamericana-live.de\/?attachment_id=1268'><img loading=\"lazy\" decoding=\"async\" width=\"300\" height=\"300\" src=\"https:\/\/panamericana-live.de\/wp-content\/uploads\/2015\/02\/DSC_1092-300x300.jpg\" class=\"attachment-thumbnail size-thumbnail\" alt=\"\" \/><\/a>\n\t\t\t<\/dt><\/dl><dl class='gallery-item'>\n\t\t\t<dt class='gallery-icon landscape'>\n\t\t\t\t<a href='https:\/\/panamericana-live.de\/?attachment_id=1269'><img loading=\"lazy\" decoding=\"async\" width=\"300\" height=\"300\" src=\"https:\/\/panamericana-live.de\/wp-content\/uploads\/2015\/02\/DSC_1093-300x300.jpg\" class=\"attachment-thumbnail size-thumbnail\" alt=\"\" \/><\/a>\n\t\t\t<\/dt><\/dl><dl class='gallery-item'>\n\t\t\t<dt class='gallery-icon landscape'>\n\t\t\t\t<a href='https:\/\/panamericana-live.de\/?attachment_id=1270'><img loading=\"lazy\" decoding=\"async\" width=\"300\" height=\"300\" src=\"https:\/\/panamericana-live.de\/wp-content\/uploads\/2015\/02\/DSC_1097-300x300.jpg\" class=\"attachment-thumbnail size-thumbnail\" alt=\"\" \/><\/a>\n\t\t\t<\/dt><\/dl><br style=\"clear: both\" \/>\n\t\t<\/div>\n\n<p>Gerne h\u00e4tten wir noch mehr fotografiert, es gab viele tolle Fotomotive zu entdecken, aber den Menschen war die Kamera nicht geheuer, das merkte man deutlich, und so haben wir es gelassen.<\/p>\n","protected":false},"excerpt":{"rendered":"<p>Kilometerstand Anfang: San Pedro de Alaus\u00ed (Ecuador): 18.690 km Ankunft: Ba\u00f1os (Ecuador): 18.873 km Etappe: 183 km Wir lieben es \u00fcber sch\u00f6ne M\u00e4rkte zu schlendern. So war es selbstverst\u00e4ndlich, einen Stopp in Guamote zum donnerst\u00e4glichen &hellip; <a href=\"https:\/\/panamericana-live.de\/?p=1305\">Weiterlesen<\/a><\/p>\n","protected":false},"author":2,"featured_media":0,"comment_status":"open","ping_status":"open","sticky":false,"template":"","format":"standard","meta":{"footnotes":""},"categories":[44],"tags":[39,5],"_links":{"self":[{"href":"https:\/\/panamericana-live.de\/index.php?rest_route=\/wp\/v2\/posts\/1305"}],"collection":[{"href":"https:\/\/panamericana-live.de\/index.php?rest_route=\/wp\/v2\/posts"}],"about":[{"href":"https:\/\/panamericana-live.de\/index.php?rest_route=\/wp\/v2\/types\/post"}],"author":[{"embeddable":true,"href":"https:\/\/panamericana-live.de\/index.php?rest_route=\/wp\/v2\/users\/2"}],"replies":[{"embeddable":true,"href":"https:\/\/panamericana-live.de\/index.php?rest_route=%2Fwp%2Fv2%2Fcomments&post=1305"}],"version-history":[{"count":1,"href":"https:\/\/panamericana-live.de\/index.php?rest_route=\/wp\/v2\/posts\/1305\/revisions"}],"predecessor-version":[{"id":1306,"href":"https:\/\/panamericana-live.de\/index.php?rest_route=\/wp\/v2\/posts\/1305\/revisions\/1306"}],"wp:attachment":[{"href":"https:\/\/panamericana-live.de\/index.php?rest_route=%2Fwp%2Fv2%2Fmedia&parent=1305"}],"wp:term":[{"taxonomy":"category","embeddable":true,"href":"https:\/\/panamericana-live.de\/index.php?rest_route=%2Fwp%2Fv2%2Fcategories&post=1305"},{"taxonomy":"post_tag","embeddable":true,"href":"https:\/\/panamericana-live.de\/index.php?rest_route=%2Fwp%2Fv2%2Ftags&post=1305"}],"curies":[{"name":"wp","href":"https:\/\/api.w.org\/{rel}","templated":true}]}}