{"id":1320,"date":"2015-02-15T20:00:46","date_gmt":"2015-02-15T18:00:46","guid":{"rendered":"http:\/\/panamericana-live.de\/?p=1320"},"modified":"2015-03-11T03:06:04","modified_gmt":"2015-03-11T01:06:04","slug":"im-zentrum-der-welt-mitad-del-mundo","status":"publish","type":"post","link":"https:\/\/panamericana-live.de\/?p=1320","title":{"rendered":"Im Zentrum der Welt: Mitad del Mundo"},"content":{"rendered":"<p style=\"text-align: right;\"><strong>Kilometerstand<\/strong><br \/>\nAnfang: El Carmen (Ecuador): 19.887 km<br \/>\nAnkunft: Mitad del Mundo (Ecuador): 20.073 km<br \/>\nEtappe: 186 km<\/p>\n<p><a href=\"http:\/\/panamericana-live.de\/?attachment_id=1324\" rel=\"attachment wp-att-1324\"><img loading=\"lazy\" decoding=\"async\" class=\"alignright size-thumbnail wp-image-1324\" src=\"http:\/\/panamericana-live.de\/wp-content\/uploads\/2015\/03\/DSC_0034-300x300.jpg\" alt=\"Gr\u00fc\u00dfe in die Heimat nach Nord-Osten!\" width=\"300\" height=\"300\" \/><\/a>Wir hatten also die K\u00fcste verlassen und waren in Richtung der ecuadori-anischen Hauptstadt <em>Quito<\/em> unterwegs. Unser Weg f\u00fchrte uns kurz vor <em>Quito<\/em> das erste Mal in <em>San Antonio de Pichincha<\/em> \u00fcber den \u00c4quator. Hier hatten franz\u00f6sischen Geografen im 18. Jahrhundert den \u00c4quator bestimmt, weshalb Ecuador zu seinem Namen kam. Inzwischen hat sich um das ber\u00fchmte \u00c4quatordenkmal <em>Mitad del Mundo<\/em> eine Art Klein-Disneyland entwickelt &#8211; mit allem, was das Touristen-Herz begehrt. Und dass die Franzosen sich um ca. 240 m vermessen hatten, st\u00f6rt hier niemanden. Ehrlichgesagt hatten wir auf den Rummel nicht so richtig Lust, wurden dann doch vom \u00c4quatorfieber gepackt und streiften durch die Souvenirl\u00e4den. Auf Planetarium, Museum und Plattform verzichteten wir, daf\u00fcr schauten wir den begeisterten Karnevalisten beim Feiern zu. Auf dem Hauptplatz spielte eine Liveband und es herrschte beste Stimmung \u2013 mit jeder Menge Spr\u00fchschaum aus der Dose und eingef\u00e4rbtem Pulver. Wir bekamen auch eine Ladung ab \ud83d\ude1b ! Die Nacht durften wir netterweise auf dem volleingez\u00e4unten Mitarbeiterparkplatz mit 24h-Sicherheitsdienst verbringen, nachdem wir vorsichtig gefragt hatten, ob wir auf dem normalen Besucherparkplatz bleiben d\u00fcrfen. Wir standen in den letzten Wochen schon schlechter \ud83d\ude42 \u00a0!<\/p>\n<p>Am n\u00e4chsten Morgen wollten wir zum \u201eechten\u201c \u00c4quator: Direkt neben dem bekanntesten \u00c4quatormonument hat vor einigen Jahren ein privates Museum er\u00f6ffnet. Das<em> Museo del Sitio Inti Nan<\/em> beinhaltet eine Sammlung aus bunt zusammengestellten Ausstellungsgegenst\u00e4nden, die alle ecuadorianische Festlandregionen repr\u00e4sentieren: <em>Costa<\/em>, <em>Sierra<\/em> und <em>Oriente<\/em>. So sahen wir neben viel Bekanntem den ersten echten Schrumpfkopf \u2013 noch viel kleiner als gedacht (den durften wir leider nicht fotografieren&#8230;). Auf dem \u00c4quator wurden kleine Experimente durchgef\u00fchrt wie ein Ei aufrecht hinstellen oder den gegenl\u00e4ufigen Wasserstrudel auf Nord- und S\u00fcdhalbkugel beobachten. Laut GPS vom Handy waren wir zwar immer noch nicht bei S 0.00000, f\u00fcr die Experimente reichte aber der entsprechende Abstand zur Nulllinie.<\/p>\n\n<div class='gallery'><dl class='gallery-item'>\n\t\t\t<dt class='gallery-icon landscape'>\n\t\t\t\t<a href='https:\/\/panamericana-live.de\/?attachment_id=1328'><img loading=\"lazy\" decoding=\"async\" width=\"300\" height=\"300\" src=\"https:\/\/panamericana-live.de\/wp-content\/uploads\/2015\/03\/DSC_0055-300x300.jpg\" class=\"attachment-thumbnail size-thumbnail\" alt=\"\" \/><\/a>\n\t\t\t<\/dt><\/dl><dl class='gallery-item'>\n\t\t\t<dt class='gallery-icon portrait'>\n\t\t\t\t<a href='https:\/\/panamericana-live.de\/?attachment_id=1322'><img loading=\"lazy\" decoding=\"async\" width=\"300\" height=\"300\" src=\"https:\/\/panamericana-live.de\/wp-content\/uploads\/2015\/03\/DSC_0013-300x300.jpg\" class=\"attachment-thumbnail size-thumbnail\" alt=\"\" \/><\/a>\n\t\t\t<\/dt><\/dl><dl class='gallery-item'>\n\t\t\t<dt class='gallery-icon portrait'>\n\t\t\t\t<a href='https:\/\/panamericana-live.de\/?attachment_id=1323'><img loading=\"lazy\" decoding=\"async\" width=\"300\" height=\"300\" src=\"https:\/\/panamericana-live.de\/wp-content\/uploads\/2015\/03\/DSC_0030-300x300.jpg\" class=\"attachment-thumbnail size-thumbnail\" alt=\"\" \/><\/a>\n\t\t\t<\/dt><\/dl><br style=\"clear: both\" \/><dl class='gallery-item'>\n\t\t\t<dt class='gallery-icon landscape'>\n\t\t\t\t<a href='https:\/\/panamericana-live.de\/?attachment_id=1325'><img loading=\"lazy\" decoding=\"async\" width=\"300\" height=\"300\" src=\"https:\/\/panamericana-live.de\/wp-content\/uploads\/2015\/03\/DSC_0035-300x300.jpg\" class=\"attachment-thumbnail size-thumbnail\" alt=\"\" \/><\/a>\n\t\t\t<\/dt><\/dl><dl class='gallery-item'>\n\t\t\t<dt class='gallery-icon landscape'>\n\t\t\t\t<a href='https:\/\/panamericana-live.de\/?attachment_id=1326'><img loading=\"lazy\" decoding=\"async\" width=\"300\" height=\"300\" src=\"https:\/\/panamericana-live.de\/wp-content\/uploads\/2015\/03\/DSC_0044-300x300.jpg\" class=\"attachment-thumbnail size-thumbnail\" alt=\"\" \/><\/a>\n\t\t\t<\/dt><\/dl><dl class='gallery-item'>\n\t\t\t<dt class='gallery-icon landscape'>\n\t\t\t\t<a href='https:\/\/panamericana-live.de\/?attachment_id=1327'><img loading=\"lazy\" decoding=\"async\" width=\"300\" height=\"300\" src=\"https:\/\/panamericana-live.de\/wp-content\/uploads\/2015\/03\/DSC_0046-300x300.jpg\" class=\"attachment-thumbnail size-thumbnail\" alt=\"\" \/><\/a>\n\t\t\t<\/dt><\/dl><br style=\"clear: both\" \/><dl class='gallery-item'>\n\t\t\t<dt class='gallery-icon landscape'>\n\t\t\t\t<a href='https:\/\/panamericana-live.de\/?attachment_id=1329'><img loading=\"lazy\" decoding=\"async\" width=\"300\" height=\"300\" src=\"https:\/\/panamericana-live.de\/wp-content\/uploads\/2015\/03\/DSC_0060-300x300.jpg\" class=\"attachment-thumbnail size-thumbnail\" alt=\"\" \/><\/a>\n\t\t\t<\/dt><\/dl><dl class='gallery-item'>\n\t\t\t<dt class='gallery-icon landscape'>\n\t\t\t\t<a href='https:\/\/panamericana-live.de\/?attachment_id=1330'><img loading=\"lazy\" decoding=\"async\" width=\"300\" height=\"300\" src=\"https:\/\/panamericana-live.de\/wp-content\/uploads\/2015\/03\/DSC_0062-300x300.jpg\" class=\"attachment-thumbnail size-thumbnail\" alt=\"\" \/><\/a>\n\t\t\t<\/dt><\/dl><dl class='gallery-item'>\n\t\t\t<dt class='gallery-icon portrait'>\n\t\t\t\t<a href='https:\/\/panamericana-live.de\/?attachment_id=1331'><img loading=\"lazy\" decoding=\"async\" width=\"300\" height=\"300\" src=\"https:\/\/panamericana-live.de\/wp-content\/uploads\/2015\/03\/DSC_0066-300x300.jpg\" class=\"attachment-thumbnail size-thumbnail\" alt=\"\" \/><\/a>\n\t\t\t<\/dt><\/dl><br style=\"clear: both\" \/>\n\t\t<\/div>\n\n","protected":false},"excerpt":{"rendered":"<p>Kilometerstand Anfang: El Carmen (Ecuador): 19.887 km Ankunft: Mitad del Mundo (Ecuador): 20.073 km Etappe: 186 km Wir hatten also die K\u00fcste verlassen und waren in Richtung der ecuadori-anischen Hauptstadt Quito unterwegs. Unser Weg f\u00fchrte &hellip; <a href=\"https:\/\/panamericana-live.de\/?p=1320\">Weiterlesen<\/a><\/p>\n","protected":false},"author":2,"featured_media":0,"comment_status":"open","ping_status":"open","sticky":false,"template":"","format":"standard","meta":{"footnotes":""},"categories":[44],"tags":[5,32,26],"_links":{"self":[{"href":"https:\/\/panamericana-live.de\/index.php?rest_route=\/wp\/v2\/posts\/1320"}],"collection":[{"href":"https:\/\/panamericana-live.de\/index.php?rest_route=\/wp\/v2\/posts"}],"about":[{"href":"https:\/\/panamericana-live.de\/index.php?rest_route=\/wp\/v2\/types\/post"}],"author":[{"embeddable":true,"href":"https:\/\/panamericana-live.de\/index.php?rest_route=\/wp\/v2\/users\/2"}],"replies":[{"embeddable":true,"href":"https:\/\/panamericana-live.de\/index.php?rest_route=%2Fwp%2Fv2%2Fcomments&post=1320"}],"version-history":[{"count":5,"href":"https:\/\/panamericana-live.de\/index.php?rest_route=\/wp\/v2\/posts\/1320\/revisions"}],"predecessor-version":[{"id":1340,"href":"https:\/\/panamericana-live.de\/index.php?rest_route=\/wp\/v2\/posts\/1320\/revisions\/1340"}],"wp:attachment":[{"href":"https:\/\/panamericana-live.de\/index.php?rest_route=%2Fwp%2Fv2%2Fmedia&parent=1320"}],"wp:term":[{"taxonomy":"category","embeddable":true,"href":"https:\/\/panamericana-live.de\/index.php?rest_route=%2Fwp%2Fv2%2Fcategories&post=1320"},{"taxonomy":"post_tag","embeddable":true,"href":"https:\/\/panamericana-live.de\/index.php?rest_route=%2Fwp%2Fv2%2Ftags&post=1320"}],"curies":[{"name":"wp","href":"https:\/\/api.w.org\/{rel}","templated":true}]}}