{"id":1333,"date":"2015-02-20T02:58:19","date_gmt":"2015-02-20T00:58:19","guid":{"rendered":"http:\/\/panamericana-live.de\/?p=1333"},"modified":"2015-03-11T03:37:21","modified_gmt":"2015-03-11T01:37:21","slug":"quito-und-umgebung","status":"publish","type":"post","link":"https:\/\/panamericana-live.de\/?p=1333","title":{"rendered":"Quito und Umgebung"},"content":{"rendered":"<p style=\"text-align: right;\"><strong>Kilometerstand<\/strong><br \/>\nAnfang: Mitad del Mundo (Ecuador): 20.073 km<br \/>\nAnkunft: Pifo bei Quito (Ecuador): 20.245<br \/>\nGesamtetappe: 172 km<\/p>\n<p>\u00a0Nachdem wir in <em>Mitad del Mundo<\/em> Nordhalbkugelluft geschnuppert hatten, ging es zur\u00fcck auf die S\u00fcdhalbkugel. Wir waren uns nicht sicher, ob wir am Rosenmontag in <em>Quito<\/em> im totalen Verkehrschaos landen w\u00fcrden &#8211; da wussten wir noch nicht, dass Rosenmontag und Veilchendienstag in Ecuador gesetzliche Feiertage sind und Karneval haupts\u00e4chlich an der K\u00fcste und nicht in der Hauptstadt gefeiert wird. Die Stra\u00dfen waren wie leergefegt und die <em>Fiat<\/em>-Werkstatt, wo wir die Plastikelemente aus dem Radkasten ersetzen lassen wollten, hatte entsprechend geschlossen. Also weiter in den Stadtteil <em>Mariscal<\/em> bis zum <em>Hostal Zentrum<\/em>. Dort testeten wir bei <em>Gerd<\/em>, dem netten deutschen Besitzer, die Einfahrth\u00f6he in den Innenhof. Nein, ein 2,63 m hohes Tor und ein 2,63 m hohes Auto lie\u00dfen sich nicht unter einen Hut bringen. F\u00fcr die Feiertage durften wir in der ruhigen Seitenstra\u00dfe vor dem Hostal \u00fcbernachten. <em>Gerd<\/em> versorgte uns mit Strom durch den Zaun und dr\u00fcckte uns einen Schl\u00fcssel f\u00fcr das Tor in die Hand: unser Zugang zu Dusche und Toilette. Nichtsdestotrotz stellte dies nur eine L\u00f6sung f\u00fcr die Feiertage dar (an Werktagen hat eine Telefongesellschaft die Nutzungsrechte f\u00fcr die als Kurzzeitpl\u00e4tze markierten Parkpl\u00e4tze). Also machten wir uns auf die Suche nach einer Alternative und wurden auf dem Parkplatz beim <em>Parque Carolina<\/em> f\u00fcndig, auf den wir am Dienstagabend umziehen w\u00fcrden.<\/p>\n<p>Zuvor stand am Dienstag Sightseeing in <em>Quitos<\/em> Altstadt auf dem Programm: auch wenn wir in den letzten Monaten so manche s\u00fcdamerikanische Metropole gesehen hatten, war der Hauptplatz, die <em>Plaza de la Independencia<\/em>, mit Kathedrale, Bischofssitz, Regierungssitz und Rathaus wieder einmal sehr beeindruckend. Die etwas abseits davon gelegene <em>Iglesia Compa\u00f1ia de J\u00e9sus<\/em> fanden wir ebenfalls sehr sehenswert. Eine Kirche, f\u00fcr deren Innenverkleidung ca. 7 t Gold verarbeitet worden sind&#8230; unglaublich! In der Kirche durften wir leider nicht fotografieren, aber immerhin gab es Postkarten zu kaufen.<\/p>\n\n<div class='gallery'><dl class='gallery-item'>\n\t\t\t<dt class='gallery-icon portrait'>\n\t\t\t\t<a href='https:\/\/panamericana-live.de\/?attachment_id=1342'><img loading=\"lazy\" decoding=\"async\" width=\"300\" height=\"300\" src=\"https:\/\/panamericana-live.de\/wp-content\/uploads\/2015\/03\/DSC_0076-300x300.jpg\" class=\"attachment-thumbnail size-thumbnail\" alt=\"\" \/><\/a>\n\t\t\t<\/dt><\/dl><dl class='gallery-item'>\n\t\t\t<dt class='gallery-icon portrait'>\n\t\t\t\t<a href='https:\/\/panamericana-live.de\/?attachment_id=1345'><img loading=\"lazy\" decoding=\"async\" width=\"300\" height=\"300\" src=\"https:\/\/panamericana-live.de\/wp-content\/uploads\/2015\/03\/DSC_0083-300x300.jpg\" class=\"attachment-thumbnail size-thumbnail\" alt=\"\" \/><\/a>\n\t\t\t<\/dt><\/dl><dl class='gallery-item'>\n\t\t\t<dt class='gallery-icon portrait'>\n\t\t\t\t<a href='https:\/\/panamericana-live.de\/?attachment_id=1348'><img loading=\"lazy\" decoding=\"async\" width=\"300\" height=\"300\" src=\"https:\/\/panamericana-live.de\/wp-content\/uploads\/2015\/03\/DSC_0124-300x300.jpg\" class=\"attachment-thumbnail size-thumbnail\" alt=\"\" \/><\/a>\n\t\t\t<\/dt><\/dl><br style=\"clear: both\" \/><dl class='gallery-item'>\n\t\t\t<dt class='gallery-icon landscape'>\n\t\t\t\t<a href='https:\/\/panamericana-live.de\/?attachment_id=1347'><img loading=\"lazy\" decoding=\"async\" width=\"300\" height=\"300\" src=\"https:\/\/panamericana-live.de\/wp-content\/uploads\/2015\/03\/DSC_0108-300x300.jpg\" class=\"attachment-thumbnail size-thumbnail\" alt=\"\" \/><\/a>\n\t\t\t<\/dt><\/dl><dl class='gallery-item'>\n\t\t\t<dt class='gallery-icon portrait'>\n\t\t\t\t<a href='https:\/\/panamericana-live.de\/?attachment_id=1346'><img loading=\"lazy\" decoding=\"async\" width=\"300\" height=\"300\" src=\"https:\/\/panamericana-live.de\/wp-content\/uploads\/2015\/03\/DSC_0091-300x300.jpg\" class=\"attachment-thumbnail size-thumbnail\" alt=\"\" \/><\/a>\n\t\t\t<\/dt><\/dl><dl class='gallery-item'>\n\t\t\t<dt class='gallery-icon portrait'>\n\t\t\t\t<a href='https:\/\/panamericana-live.de\/?attachment_id=1344'><img loading=\"lazy\" decoding=\"async\" width=\"300\" height=\"300\" src=\"https:\/\/panamericana-live.de\/wp-content\/uploads\/2015\/03\/DSC_0078-300x300.jpg\" class=\"attachment-thumbnail size-thumbnail\" alt=\"\" \/><\/a>\n\t\t\t<\/dt><\/dl><br style=\"clear: both\" \/>\n\t\t<\/div>\n\n<p><a href=\"http:\/\/panamericana-live.de\/?attachment_id=1349\" rel=\"attachment wp-att-1349\"><img loading=\"lazy\" decoding=\"async\" class=\"alignright size-thumbnail wp-image-1349\" src=\"http:\/\/panamericana-live.de\/wp-content\/uploads\/2015\/03\/IMG_1218-300x300.jpg\" alt=\"Der Cotopaxi (fast) ohne Wolken\" width=\"300\" height=\"300\" \/><\/a>Am Mittwoch l\u00f6sten wir den Gutschein f\u00fcr eine Mountainbiketour beim <em>Biking Dutchman<\/em> ein, den uns die Augusta-M\u00e4dels zum Abschied geschenkt hatten. Um sieben Uhr trafen wir uns mit der Gruppe, dann ging es zum <em>Cotopaxi<\/em>, der sich bei wundersch\u00f6nem Wetter und strahlenden Sonnenschein zeigte. Zun\u00e4chst steuerten wir mit dem Auto den h\u00f6chsten Parkplatz auf 4637 m an, dann ging es zum Gl\u00fcck einige Serpentinien wieder runter. Die Piste war n\u00e4mlich in einem katastrophalen Zustand und wahrscheinlich hatten sich in der Vergangenheit zu viele Teilnehmer auf den ersten Metern auf die Nase gelegt. Dann stiegen wir auf die Mountainbikes und fuhren los, zun\u00e4chst der Stra\u00dfe folgend \u2013 Wellblech f\u00fchlt sich auf dem Rad genauso wie im Auto an&#8230;, dann offroad \u00fcber die Ebene. Nachdem wir uns an die R\u00e4der gew\u00f6hnt hatten, hatten wir viel Spa\u00df. Nur sobald wir bergauf mussten, kamen wir \u2013 wie alle anderen auch \u2013 schnell ins Keuchen. Kein Wunder auf 4000 m H\u00f6he! Nach Mittagspause und Picknick war die letzte Etappe dran: auf der nagelneuen Asphaltstra\u00dfe durften wir bis zum Parkausgang bergab sausen, sehr gut! Ein sch\u00f6ner Tag mit einer netten Gruppe und ein gro\u00dfes Danke nach D\u00fcsseldorf\u00a0 \ud83d\ude42 !<\/p>\n<p>F\u00fcr Donnerstag war die Werkstatt geplant. Bei <em>Fiat<\/em> konnte man uns leider nicht helfen, weil der <em>Ducato<\/em> in Ecuador nicht gef\u00fchrt wird. Bei <em>Citro\u00ebn<\/em> waren die Plastikelemente zwar in <em>Quito<\/em> nicht vorr\u00e4tig, die Bestellung aus <em>Guyayaquil<\/em> aber unkompliziert. Nach der <em>Galapagos<\/em>-Woche w\u00fcrden wir zur\u00fcckkommen und sie austauschen lassen. Zufrieden machten wir uns &#8211; mit einem Abstecher \u00fcber die Thermen in <em>Papallacta<\/em> \u2013 auf den Weg nach <em>Pifo<\/em> zu <em>Arie<\/em>, wo wir das MePa f\u00fcr die Woche auf den <em>Galapagos<\/em>-Inseln parken wollten.<\/p>\n","protected":false},"excerpt":{"rendered":"<p>Kilometerstand Anfang: Mitad del Mundo (Ecuador): 20.073 km Ankunft: Pifo bei Quito (Ecuador): 20.245 Gesamtetappe: 172 km \u00a0Nachdem wir in Mitad del Mundo Nordhalbkugelluft geschnuppert hatten, ging es zur\u00fcck auf die S\u00fcdhalbkugel. Wir waren uns &hellip; <a href=\"https:\/\/panamericana-live.de\/?p=1333\">Weiterlesen<\/a><\/p>\n","protected":false},"author":2,"featured_media":0,"comment_status":"open","ping_status":"open","sticky":false,"template":"","format":"standard","meta":{"footnotes":""},"categories":[44],"tags":[25,5,45,32,31,26,27,34],"_links":{"self":[{"href":"https:\/\/panamericana-live.de\/index.php?rest_route=\/wp\/v2\/posts\/1333"}],"collection":[{"href":"https:\/\/panamericana-live.de\/index.php?rest_route=\/wp\/v2\/posts"}],"about":[{"href":"https:\/\/panamericana-live.de\/index.php?rest_route=\/wp\/v2\/types\/post"}],"author":[{"embeddable":true,"href":"https:\/\/panamericana-live.de\/index.php?rest_route=\/wp\/v2\/users\/2"}],"replies":[{"embeddable":true,"href":"https:\/\/panamericana-live.de\/index.php?rest_route=%2Fwp%2Fv2%2Fcomments&post=1333"}],"version-history":[{"count":4,"href":"https:\/\/panamericana-live.de\/index.php?rest_route=\/wp\/v2\/posts\/1333\/revisions"}],"predecessor-version":[{"id":1350,"href":"https:\/\/panamericana-live.de\/index.php?rest_route=\/wp\/v2\/posts\/1333\/revisions\/1350"}],"wp:attachment":[{"href":"https:\/\/panamericana-live.de\/index.php?rest_route=%2Fwp%2Fv2%2Fmedia&parent=1333"}],"wp:term":[{"taxonomy":"category","embeddable":true,"href":"https:\/\/panamericana-live.de\/index.php?rest_route=%2Fwp%2Fv2%2Fcategories&post=1333"},{"taxonomy":"post_tag","embeddable":true,"href":"https:\/\/panamericana-live.de\/index.php?rest_route=%2Fwp%2Fv2%2Ftags&post=1333"}],"curies":[{"name":"wp","href":"https:\/\/api.w.org\/{rel}","templated":true}]}}