{"id":1356,"date":"2015-02-23T22:00:09","date_gmt":"2015-02-23T20:00:09","guid":{"rendered":"http:\/\/panamericana-live.de\/?p=1356"},"modified":"2015-07-07T03:07:12","modified_gmt":"2015-07-07T01:07:12","slug":"schiff-ahoi-galapagos-teil-i","status":"publish","type":"post","link":"https:\/\/panamericana-live.de\/?p=1356","title":{"rendered":"Schiff ahoi! &#8211; Gal\u00e1pagos Teil I"},"content":{"rendered":"<p>Wir sind zur\u00fcck von den <em>Gal\u00e1pagos-Inseln<\/em> und einer traumhaften Woche. Eine einzigartige Tierwelt, beeindruckende Erlebnisse, ein sch\u00f6nes Schiff und eine sehr nette Reisegruppe &#8211; wir sind mehr als zufrieden! In der Lastminute-Suche hatten wir uns f\u00fcr eine Kreuzfahrt auf der <em>Nemo II<\/em> und S\u00fcdroute entschieden. Aber der Reihe nach&#8230;<\/p>\n<h6>Sonntag &#8211; Anreise (Isla Baltra) und Playa Las Bachas (Isla Santa Cruz)<\/h6>\n<p><a href=\"http:\/\/panamericana-live.de\/?attachment_id=1389\" rel=\"attachment wp-att-1389\"><img loading=\"lazy\" decoding=\"async\" class=\"alignleft size-thumbnail wp-image-1389\" src=\"http:\/\/panamericana-live.de\/wp-content\/uploads\/2015\/03\/P2220070-300x300.jpg\" alt=\"Nemo II\" width=\"300\" height=\"300\" \/><\/a>Der Sonntag begann f\u00fcr uns sehr, sehr fr\u00fch. Der Wecker klingelte um vier, p\u00fcnktlich um f\u00fcnf stiegen wir in <em>Aries<\/em> Auto, der uns zum Flughafen in <em>Quito<\/em> brachte. Holl\u00e4ndisch-deutsche P\u00fcnktlichkeit \u2013 gerade in S\u00fcdamerika sehr entspannt, wenn man wei\u00df, dass man sich 100% auf jemanden verlassen kann \ud83d\ude42 . In der Flughafenapotheke deckten wir uns mit Sonnencreme Lichtschutzfaktor 50 (!) ein, den wir trotz ordentlicher Vorbr\u00e4unung brauchen w\u00fcrden. Nach dem Check-in lernten wir den ersten Teil aus unserer Reisegruppe kennen: die Schwestern <em>Marie<\/em>, <em>Jennifer<\/em> und <em>Julie<\/em> aus Belgien, die mit <em>Corinne<\/em>, einer Freundin, unterwegs waren. Ihre Eltern hatte genau die gleiche Tour vor einem Jahr unternommen \u2013 kann es eine bessere Referenz geben? \ud83d\ude09<\/p>\n<p>Von <em>Quito<\/em> flogen wir zun\u00e4chst nach <em>Guyayaquil<\/em>, dann weiter auf die <em>Isla Baltra<\/em>, fr\u00fcher US-Luftwaffenst\u00fctzpunkt, heute wichtigster Flughafen des Archipels. Ansonsten gibt es dort nichts Spannendes. Am Flughafen wurden wir von unserem Guide <em>Jhaver<\/em> abgeholt, der uns beide auf flie\u00dfendem Deutsch begr\u00fc\u00dfte. Das irritierte, zumal die belgischen M\u00e4dels uns in <em>Quito<\/em> nach unseren Franz\u00f6sischkenntnissen gefragt hatten, weil \u2013 ihres Wissen nach \u2013 wir eine francophone Tour gebucht h\u00e4tten&#8230;?!? Wir lernten die anderen kennen: <em>Marie France<\/em> und <em>Christian<\/em> aus Montr\u00e9al, <em>Gwen<\/em> aus Paris und <em>John<\/em> und <em>Carole<\/em> aus Irland \u2013 es w\u00fcrde also eine franz\u00f6sisch-englische Woche werden! Auch wenn sich sp\u00e4ter herausstellen w\u00fcrde, dass <em>Jhaver<\/em> von allen Sprachen die deutsche wohl am besten beherrschte&#8230;<\/p>\n<p>Vom Flughafen fuhren wir mit dem Bus zum Anleger, von dort mit dem Beiboot, dem <em>Panga<\/em>, zur <em>Nemo II<\/em>, ein 22 m langer Katamaran, der f\u00fcr die n\u00e4chste Woche unser Zuhause sein w\u00fcrde. Nach der Begr\u00fc\u00dfung bezogen wir unsere Kabinen und nach dem Mittagsessen liefen wir unseren ersten Besucherstandort an: die <em>Playa Las Bachas<\/em> auf der Nachbarinsel <em>Santa Cruz<\/em>. Mit dem <em>Panga<\/em> setzten wir zum Strand \u00fcber und landeten nass an, d.h. direkt mit den F\u00fc\u00dfen ins kniehohe oder \u2013 je nach K\u00f6rpergr\u00f6\u00dfe \ud83d\ude09 &#8211; h\u00f6here Wasser. Nur nebenbei, w\u00e4hrend der ganzen Woche fiel niemand von uns bei Trocken- oder Nasslandung ins Wasser, auch wenn es h\u00e4ufig sehr wackelig oder rutschig war \ud83d\ude42 .<\/p>\n<p>Wer vom tiefblauen Meer, strahlendem Sonnenschein und tollem Schiff noch nicht in den Bann gezogen worden war, den packte jetzt das <em>Gal\u00e1pagos<\/em>-Fieber: wei\u00dfer Sandstrand, t\u00fcrkisfarbenes Meer \u2013 wie im Paradies! Unser Spaziergang f\u00fchrte uns vorbei an Nestern von Meeresschildkr\u00f6ten, wir sahen einige leere Eierschalen und die gro\u00dfen Spuren vom n\u00e4chtlichen Landgang zur Eiablage. Dann entdeckten wir den ersten Seel\u00f6wen, die ersten Meeresleguane und viele knallrote Krebse. Ihr Verhalten und das vieler anderer Arten waren w\u00e4hrend der ersten Tage f\u00fcr uns sehr befremdlich. Die Tiere blieben n\u00e4mlich einfach genau dort sitzen, wo sie waren und lie\u00dfen sich weder von uns noch vom Klicken der Fotoapparate st\u00f6ren. Weil sie keine Feinde in unserer Gr\u00f6\u00dfe kennen (und uns als solche nicht wahrnehmen), fl\u00fcchten sie nicht. Wir liefen weiter bis zu einer kleinen Lagune, wo Flamingos leben. Eigentlich sehr schreckhafte Tiere, die weder laute Ger\u00e4usche noch schnelle Bewegungen m\u00f6gen. Nichtsdestotrotz bewegte sich ein Flamingo direkt auf uns zu. Vielleicht gab es ufernah das bessere Futter, vielleicht war dem Tier einfach egal, ob wir da stehen oder nicht. Zur\u00fcck an unserem Ausgangspunkt konnten wir noch eine Runde schwimmen und schnorcheln und uns im Meer abk\u00fchlen&#8230; Auf einem Felsen sa\u00df der ersten Blaufu\u00dft\u00f6lpel, der mit seinen quietschblauen F\u00fc\u00dfen seinem Namen alle Ehre machte.<\/p>\n<p>Zur\u00fcck auf der <em>Nemo II<\/em> schipperten wir entlang der Insel <em>Santa Cruz<\/em> bis <em>Puerto Ayora<\/em>, den s\u00fcdlichsten Hafen der Insel. Der Abend wurde sehr kurz, wir hatten n\u00e4mlich ordentlichen Seegang und die Crew verteilte an die blassfahlen Neupassagiere gro\u00dfz\u00fcgig Medikamente gegen die Seekrankheit &#8211; uns beiden reichte zum Gl\u00fcck die frische Luft an Deck. Wir waren hundem\u00fcde und konnten auf den B\u00e4nken an Deck gut schlafen bevor wir gegen Mitternacht zum Weiterschlafen in unsere Kaj\u00fcte wechselten.<\/p>\n\n<div class='gallery'><dl class='gallery-item'>\n\t\t\t<dt class='gallery-icon landscape'>\n\t\t\t\t<a href='https:\/\/panamericana-live.de\/?attachment_id=1379'><img loading=\"lazy\" decoding=\"async\" width=\"300\" height=\"300\" src=\"https:\/\/panamericana-live.de\/wp-content\/uploads\/2015\/03\/DSC_0146-300x300.jpg\" class=\"attachment-thumbnail size-thumbnail\" alt=\"\" \/><\/a>\n\t\t\t<\/dt><\/dl><dl class='gallery-item'>\n\t\t\t<dt class='gallery-icon landscape'>\n\t\t\t\t<a href='https:\/\/panamericana-live.de\/?attachment_id=1380'><img loading=\"lazy\" decoding=\"async\" width=\"300\" height=\"300\" src=\"https:\/\/panamericana-live.de\/wp-content\/uploads\/2015\/03\/DSC_0154-300x300.jpg\" class=\"attachment-thumbnail size-thumbnail\" alt=\"\" \/><\/a>\n\t\t\t<\/dt><\/dl><dl class='gallery-item'>\n\t\t\t<dt class='gallery-icon landscape'>\n\t\t\t\t<a href='https:\/\/panamericana-live.de\/?attachment_id=1382'><img loading=\"lazy\" decoding=\"async\" width=\"300\" height=\"300\" src=\"https:\/\/panamericana-live.de\/wp-content\/uploads\/2015\/03\/DSC_01561-300x300.jpg\" class=\"attachment-thumbnail size-thumbnail\" alt=\"\" \/><\/a>\n\t\t\t<\/dt><\/dl><br style=\"clear: both\" \/><dl class='gallery-item'>\n\t\t\t<dt class='gallery-icon landscape'>\n\t\t\t\t<a href='https:\/\/panamericana-live.de\/?attachment_id=1383'><img loading=\"lazy\" decoding=\"async\" width=\"300\" height=\"300\" src=\"https:\/\/panamericana-live.de\/wp-content\/uploads\/2015\/03\/DSC_0163-300x300.jpg\" class=\"attachment-thumbnail size-thumbnail\" alt=\"\" \/><\/a>\n\t\t\t<\/dt><\/dl><dl class='gallery-item'>\n\t\t\t<dt class='gallery-icon landscape'>\n\t\t\t\t<a href='https:\/\/panamericana-live.de\/?attachment_id=1384'><img loading=\"lazy\" decoding=\"async\" width=\"300\" height=\"300\" src=\"https:\/\/panamericana-live.de\/wp-content\/uploads\/2015\/03\/DSC_0171-300x300.jpg\" class=\"attachment-thumbnail size-thumbnail\" alt=\"\" \/><\/a>\n\t\t\t<\/dt><\/dl><dl class='gallery-item'>\n\t\t\t<dt class='gallery-icon landscape'>\n\t\t\t\t<a href='https:\/\/panamericana-live.de\/?attachment_id=1385'><img loading=\"lazy\" decoding=\"async\" width=\"300\" height=\"300\" src=\"https:\/\/panamericana-live.de\/wp-content\/uploads\/2015\/03\/DSC_0185-300x300.jpg\" class=\"attachment-thumbnail size-thumbnail\" alt=\"\" \/><\/a>\n\t\t\t<\/dt><\/dl><br style=\"clear: both\" \/>\n\t\t<\/div>\n\n<h6>Montag \u2013 Schildkr\u00f6tenreservat und Charles Darwin Research Station (Isla Santa Cruz)<\/h6>\n<p>Am Montagmorgen lag die <em>Nemo II<\/em> bereits im Hafen vor <em>Puerto Ayora<\/em>. Irgendwie ein komisches Gef\u00fchl, an einem anderen Ort aufzuwachen als man eingeschlafen ist. Nach dem Fr\u00fchst\u00fcck stiegen wir ins <em>Panga<\/em>, setzten zum Hafen \u00fcber und fuhren mit dem Bus in ein\u00a0Schildkr\u00f6tenreservat. Schon auf dem Weg dorthin ert\u00f6nten begeisterte Ausrufe aus dem Bus, als die ersten Riesenschildkr\u00f6ten entdeckt wurden. Wie wir sp\u00e4ter erfuhren, handelte es sich um die kleineren Weibchen auf dem Weg zur Eiablage. Im Reservat konnten wir die richtig gro\u00dfen und alten Riesenschildkr\u00f6ten bewundern, u.a. ein M\u00e4nnchen mit gesch\u00e4tzten 120 Jahren und \u00fcber 240 kg! Der lebte schon lange, bevor der Nationalpark gegr\u00fcndet wurde&#8230; Die abgelegten Eier werden \u00fcbrigens von den Parkrangern eingesammelt und in der <em>Charles Darwin Research Station<\/em> bebr\u00fctet. Wenn die Tiere ca. sieben Jahr alt sind oder mindestens 1,5 kg schwer, werden sie ausgewildert. In freier Wildbahn h\u00e4tte der Riesenschildkr\u00f6tennachwuchs keine \u00dcberlebenschance u.a. wegen der von Menschen eingeschleppten Ratten, die nur schwierig einzud\u00e4mmen sind. Besch\u00e4mend, auch wenn die Evolution nat\u00fcrlich weitergeht. Zum Schluss durften wir im Reservat noch Schildkr\u00f6te spielen \ud83d\ude42 !<\/p>\n<p>Nachmittags stand die <em>Charles Darwin Research Station<\/em> auf dem Programm. Dort leben neben Riesenschildkr\u00f6ten-Babys auch Schildkr\u00f6ten von anderen Inseln mit Sattelpanzer und sch\u00f6ne gelbe Landleguane. Fr\u00fcher lebte dort der ber\u00fchmte <a title=\"http:\/\/de.wikipedia.org\/wiki\/Lonesome_George\" href=\"http:\/\/http:\/\/de.wikipedia.org\/wiki\/Lonesome_George\" target=\"_blank\"><em>Lonesome George<\/em><\/a>, der letzte seiner Art von der Insel Pinta, der 2012 pl\u00f6tzlich und unerwartet im Alter von jungen 100 Jahren starb. Sehr interessant, es war nur unvorstellbar hei\u00df und wir sehnten uns alle nach einem Sprung ins k\u00fchle Wasser, was im Hafen leider verboten war. Daf\u00fcr konnten wir durch das kleine St\u00e4dtchen bummeln und zwei tolle T-Shirts erstehen!<\/p>\n\n<div class='gallery'><dl class='gallery-item'>\n\t\t\t<dt class='gallery-icon landscape'>\n\t\t\t\t<a href='https:\/\/panamericana-live.de\/?attachment_id=1387'><img loading=\"lazy\" decoding=\"async\" width=\"300\" height=\"300\" src=\"https:\/\/panamericana-live.de\/wp-content\/uploads\/2015\/03\/DSC_0232-300x300.jpg\" class=\"attachment-thumbnail size-thumbnail\" alt=\"\" \/><\/a>\n\t\t\t<\/dt><\/dl><dl class='gallery-item'>\n\t\t\t<dt class='gallery-icon landscape'>\n\t\t\t\t<a href='https:\/\/panamericana-live.de\/?attachment_id=1386'><img loading=\"lazy\" decoding=\"async\" width=\"300\" height=\"300\" src=\"https:\/\/panamericana-live.de\/wp-content\/uploads\/2015\/03\/DSC_0223-300x300.jpg\" class=\"attachment-thumbnail size-thumbnail\" alt=\"\" \/><\/a>\n\t\t\t<\/dt><\/dl><dl class='gallery-item'>\n\t\t\t<dt class='gallery-icon landscape'>\n\t\t\t\t<a href='https:\/\/panamericana-live.de\/?attachment_id=1388'><img loading=\"lazy\" decoding=\"async\" width=\"300\" height=\"300\" src=\"https:\/\/panamericana-live.de\/wp-content\/uploads\/2015\/03\/DSC_0288-300x300.jpg\" class=\"attachment-thumbnail size-thumbnail\" alt=\"\" \/><\/a>\n\t\t\t<\/dt><\/dl><br style=\"clear: both\" \/><dl class='gallery-item'>\n\t\t\t<dt class='gallery-icon landscape'>\n\t\t\t\t<a href='https:\/\/panamericana-live.de\/?attachment_id=1376'><img loading=\"lazy\" decoding=\"async\" width=\"300\" height=\"300\" src=\"https:\/\/panamericana-live.de\/wp-content\/uploads\/2015\/03\/DSC_0012-300x300.jpg\" class=\"attachment-thumbnail size-thumbnail\" alt=\"\" \/><\/a>\n\t\t\t<\/dt><\/dl><dl class='gallery-item'>\n\t\t\t<dt class='gallery-icon landscape'>\n\t\t\t\t<a href='https:\/\/panamericana-live.de\/?attachment_id=1377'><img loading=\"lazy\" decoding=\"async\" width=\"300\" height=\"300\" src=\"https:\/\/panamericana-live.de\/wp-content\/uploads\/2015\/03\/DSC_0026-300x300.jpg\" class=\"attachment-thumbnail size-thumbnail\" alt=\"\" \/><\/a>\n\t\t\t<\/dt><\/dl><dl class='gallery-item'>\n\t\t\t<dt class='gallery-icon landscape'>\n\t\t\t\t<a href='https:\/\/panamericana-live.de\/?attachment_id=1378'><img loading=\"lazy\" decoding=\"async\" width=\"300\" height=\"300\" src=\"https:\/\/panamericana-live.de\/wp-content\/uploads\/2015\/03\/DSC_00441-300x300.jpg\" class=\"attachment-thumbnail size-thumbnail\" alt=\"\" \/><\/a>\n\t\t\t<\/dt><\/dl><br style=\"clear: both\" \/><dl class='gallery-item'>\n\t\t\t<dt class='gallery-icon landscape'>\n\t\t\t\t<a href='https:\/\/panamericana-live.de\/?attachment_id=1375'><img loading=\"lazy\" decoding=\"async\" width=\"300\" height=\"300\" src=\"https:\/\/panamericana-live.de\/wp-content\/uploads\/2015\/03\/DSC_0002-300x300.jpg\" class=\"attachment-thumbnail size-thumbnail\" alt=\"\" \/><\/a>\n\t\t\t<\/dt><\/dl>\n\t\t\t<br style='clear: both' \/>\n\t\t<\/div>\n\n","protected":false},"excerpt":{"rendered":"<p>Wir sind zur\u00fcck von den Gal\u00e1pagos-Inseln und einer traumhaften Woche. Eine einzigartige Tierwelt, beeindruckende Erlebnisse, ein sch\u00f6nes Schiff und eine sehr nette Reisegruppe &#8211; wir sind mehr als zufrieden! In der Lastminute-Suche hatten wir uns &hellip; <a href=\"https:\/\/panamericana-live.de\/?p=1356\">Weiterlesen<\/a><\/p>\n","protected":false},"author":2,"featured_media":0,"comment_status":"open","ping_status":"open","sticky":false,"template":"","format":"standard","meta":{"footnotes":""},"categories":[44],"tags":[39,5,46,45,31,27,72],"_links":{"self":[{"href":"https:\/\/panamericana-live.de\/index.php?rest_route=\/wp\/v2\/posts\/1356"}],"collection":[{"href":"https:\/\/panamericana-live.de\/index.php?rest_route=\/wp\/v2\/posts"}],"about":[{"href":"https:\/\/panamericana-live.de\/index.php?rest_route=\/wp\/v2\/types\/post"}],"author":[{"embeddable":true,"href":"https:\/\/panamericana-live.de\/index.php?rest_route=\/wp\/v2\/users\/2"}],"replies":[{"embeddable":true,"href":"https:\/\/panamericana-live.de\/index.php?rest_route=%2Fwp%2Fv2%2Fcomments&post=1356"}],"version-history":[{"count":8,"href":"https:\/\/panamericana-live.de\/index.php?rest_route=\/wp\/v2\/posts\/1356\/revisions"}],"predecessor-version":[{"id":1390,"href":"https:\/\/panamericana-live.de\/index.php?rest_route=\/wp\/v2\/posts\/1356\/revisions\/1390"}],"wp:attachment":[{"href":"https:\/\/panamericana-live.de\/index.php?rest_route=%2Fwp%2Fv2%2Fmedia&parent=1356"}],"wp:term":[{"taxonomy":"category","embeddable":true,"href":"https:\/\/panamericana-live.de\/index.php?rest_route=%2Fwp%2Fv2%2Fcategories&post=1356"},{"taxonomy":"post_tag","embeddable":true,"href":"https:\/\/panamericana-live.de\/index.php?rest_route=%2Fwp%2Fv2%2Ftags&post=1356"}],"curies":[{"name":"wp","href":"https:\/\/api.w.org\/{rel}","templated":true}]}}