{"id":1448,"date":"2015-03-04T21:47:41","date_gmt":"2015-03-04T19:47:41","guid":{"rendered":"http:\/\/panamericana-live.de\/?p=1448"},"modified":"2015-03-29T16:35:05","modified_gmt":"2015-03-29T14:35:05","slug":"home-sweet-home-und-weiter-nach-kolumbien","status":"publish","type":"post","link":"https:\/\/panamericana-live.de\/?p=1448","title":{"rendered":"Home, sweet home und weiter nach Kolumbien!"},"content":{"rendered":"<p style=\"text-align: right;\"><strong>Kilometerstand<\/strong><br \/>\nAnfang: Pifo bei Quito (Ecuador): 20.245 km<br \/>\nAnkunft: Las Lajas (Kolumbien): 20.576 km<br \/>\nGesamtetappe: 331 km<\/p>\n<p>Die <em>Gal\u00e1pagos<\/em>-Woche war sehr toll und intensiv, nichtsdestotrotz waren wir froh, wieder \u201ezu Hause\u201c im MePa zu sein. Am Sonntagmittag waren wir zwei Stunden versp\u00e4tet in <em>Baltra<\/em> gestartet, weil die Computersysteme der Airline ausgefallen waren und alles per Hand ausgef\u00fcllt werden musste. Daneben war es zum \u201eStau\u201c auf dem Flugfeld gekommen, wie der Pilot die Versp\u00e4tung zu begr\u00fcnden versuchte \u2013 es waren ja auch immerhin drei Flugzeuge gleichzeitig abzufertigenden! <em>Arie<\/em> hatte die zwei Stunden zum Gl\u00fcck geduldig in <em>Quito<\/em> gewartet, um uns abzuholen. Wir verbrachten noch eine Nacht in <em>Pifo<\/em> bei <em>Arie<\/em>, um am Montag bei <em>Citro\u00ebn<\/em> in <em>Quito<\/em> die bestellten Plastikelemente montieren zu lassen \u2013 das ganze war nach weniger als 20 Minuten erledigt und unser Motorraum ist wieder dicht \ud83d\ude42 .<\/p>\n<p>Das Ziel unserer Tagesetappe hie\u00df <em>Ibarra<\/em>, ca. 140 km n\u00f6rdlich von <em>Quito<\/em> entfernt. Vorher legten wir einen Stopp bei der auf dem \u00c4quator gelegenen Sonnnenuhr <em>Quitsato<\/em> (laut GPS S 0\u00b00\u20190,00\u2019\u2019!!!) und am Markt in <em>Otavalo<\/em> ein. Der Markt wurde um 16 Uhr zwar schon abgebaut, hinterlie\u00df aber dennoch einen sch\u00f6nen Eindruck mit mal anderen Sachen, als es \u00fcberall sonst zu kaufen gibt \u2013 phasenweise hatten wir zuvor doch den Eindruck das die Artesaniam\u00e4rkte von mehr oder weniger nur einem Lieferanten ihre Waren erhalten. In <em>Ibarra<\/em> steuerten wir die <a title=\"Finca Sommerwind\" href=\"http:\/\/www.finca-sommerwind.com\" target=\"_blank\"><em>Finca Sommerwind<\/em><\/a> an, wo wir sehr herzlich von den deutschen Besitzern <em>Patricia<\/em> und <em>Hansj\u00f6rg<\/em> begr\u00fc\u00dft wurden.<\/p>\n\n<div class='gallery'><dl class='gallery-item'>\n\t\t\t<dt class='gallery-icon portrait'>\n\t\t\t\t<a href='https:\/\/panamericana-live.de\/?attachment_id=1459'><img loading=\"lazy\" decoding=\"async\" width=\"300\" height=\"300\" src=\"https:\/\/panamericana-live.de\/wp-content\/uploads\/2015\/03\/DSC_0287-300x300.jpg\" class=\"attachment-thumbnail size-thumbnail\" alt=\"\" \/><\/a>\n\t\t\t<\/dt><\/dl><dl class='gallery-item'>\n\t\t\t<dt class='gallery-icon landscape'>\n\t\t\t\t<a href='https:\/\/panamericana-live.de\/?attachment_id=1460'><img loading=\"lazy\" decoding=\"async\" width=\"300\" height=\"300\" src=\"https:\/\/panamericana-live.de\/wp-content\/uploads\/2015\/03\/DSC_0295-300x300.jpg\" class=\"attachment-thumbnail size-thumbnail\" alt=\"\" \/><\/a>\n\t\t\t<\/dt><\/dl><dl class='gallery-item'>\n\t\t\t<dt class='gallery-icon landscape'>\n\t\t\t\t<a href='https:\/\/panamericana-live.de\/?attachment_id=1461'><img loading=\"lazy\" decoding=\"async\" width=\"300\" height=\"300\" src=\"https:\/\/panamericana-live.de\/wp-content\/uploads\/2015\/03\/IMG_1241-300x300.png\" class=\"attachment-thumbnail size-thumbnail\" alt=\"\" \/><\/a>\n\t\t\t<\/dt><\/dl><br style=\"clear: both\" \/><dl class='gallery-item'>\n\t\t\t<dt class='gallery-icon landscape'>\n\t\t\t\t<a href='https:\/\/panamericana-live.de\/?attachment_id=1465'><img loading=\"lazy\" decoding=\"async\" width=\"300\" height=\"300\" src=\"https:\/\/panamericana-live.de\/wp-content\/uploads\/2015\/03\/DSC_0313-300x300.jpg\" class=\"attachment-thumbnail size-thumbnail\" alt=\"\" \/><\/a>\n\t\t\t<\/dt><\/dl><dl class='gallery-item'>\n\t\t\t<dt class='gallery-icon landscape'>\n\t\t\t\t<a href='https:\/\/panamericana-live.de\/?attachment_id=1464'><img loading=\"lazy\" decoding=\"async\" width=\"300\" height=\"300\" src=\"https:\/\/panamericana-live.de\/wp-content\/uploads\/2015\/03\/DSC_0315-300x300.jpg\" class=\"attachment-thumbnail size-thumbnail\" alt=\"\" \/><\/a>\n\t\t\t<\/dt><\/dl>\n\t\t\t<br style='clear: both' \/>\n\t\t<\/div>\n\n<p>Am Ende verbrachten wir dort zwei N\u00e4chte, denn wir brauchten mal wieder einen Planungstag: <em>Kolumbien<\/em> stand kurz vor der T\u00fcr. Gestern brachen wir in Ibarra auf, nicht ohne vorher die sch\u00f6ne und empfehlenswerte Innenstadt gesehen zu haben. Danach ging es weiter in Richtung Norden. Kurz vor der kolumbianischen Grenze wurden wir in einer Polizeikontrolle angehalten &#8211; soweit nichts Besonderes und eigentlich auch nicht erw\u00e4hnenswert. Der Polizist fragte allerdings nicht wie sonst \u00fcblich nach unseren Dokumenten, sondern ob wir Spanisch spr\u00e4chen. Wir bejahten, er wandte sich an die stark geschminkte und aufgebrezelte Frau neben ihm. Diese erkl\u00e4rte uns, sie sei die regionale Kandidatin f\u00fcr die <em>Miss Ecuador<\/em>-Wahl und sammle Spenden zur Unterst\u00fctzung&#8230; Wer kann das Portemonnaie da geschlossen halten (vor allem, wenn die Polizei daneben steht&#8230;)?! Von der Polizei angehalten wegen Werbung f\u00fcr eine Misswahl &#8211; das hatten wir auch noch nicht \ud83d\ude09 !<\/p>\n<p>Der Grenz\u00fcbertritt war einfach und unsere <em>SOAT<\/em>, die in Kolumbien obligatorisch abzuschlie\u00dfende Haftpflichtversicherung f\u00fcr das MePa, bekamen wir im Supermarkt in der n\u00e4chsten Stadt \u2013 \u00fcber die enthaltene Deckungssumme wollen wir uns mal lieber nicht \u00e4u\u00dfern. Als wir zuvor eine Mitarbeiterin nach der <em>SOAT<\/em> fragten, nahm sie uns \u201ean die Hand\u201c und brachte uns pers\u00f6nlich zur Information, wo man die <em>SOAT<\/em> abschlie\u00dfen kann &#8211; so darf es weitergehen&#8230;<\/p>\n<p>Weiter ging es zu unserem ersten Ziel auf kolumbianischer Seite: <em>Las Lajas<\/em>, ein in Kolumbien wichtiger Wallfahrtsort. Im 18. Jahrhundert soll dort einem taubstummen M\u00e4dchen die Jungfrau Maria auf einem Felsen erschienen sein und das M\u00e4dchen geheilt worden sein. Darauf wurden dort erst eine Kapelle und sp\u00e4ter eine Kirche mitten in die enge Schlucht auf riesige Pfeiler gest\u00fctzt erbaut. Verr\u00fcckt und eindrucksvoll! Wir konnten auf einem Parkplatz oberhalb der Ortschaft \u00fcbernachten, nachdem wir vorsichtshalber zwei Kolumbianer nach der Sicherheit gefragt hatten. Die M\u00e4nner begr\u00fc\u00dften uns herzlichst und fragten nach unserer Tour. Ein sch\u00f6ner erster Tag in Kolumbien mit unglaublich netten und freundlichen Menschen! Wir f\u00fchlen uns wohl!<\/p>\n\n<div class='gallery'><dl class='gallery-item'>\n\t\t\t<dt class='gallery-icon portrait'>\n\t\t\t\t<a href='https:\/\/panamericana-live.de\/?attachment_id=1463'><img loading=\"lazy\" decoding=\"async\" width=\"300\" height=\"300\" src=\"https:\/\/panamericana-live.de\/wp-content\/uploads\/2015\/03\/DSC_0342-300x300.jpg\" class=\"attachment-thumbnail size-thumbnail\" alt=\"\" \/><\/a>\n\t\t\t<\/dt><\/dl><dl class='gallery-item'>\n\t\t\t<dt class='gallery-icon landscape'>\n\t\t\t\t<a href='https:\/\/panamericana-live.de\/?attachment_id=1462'><img loading=\"lazy\" decoding=\"async\" width=\"300\" height=\"300\" src=\"https:\/\/panamericana-live.de\/wp-content\/uploads\/2015\/03\/DSC_0334-300x300.jpg\" class=\"attachment-thumbnail size-thumbnail\" alt=\"\" \/><\/a>\n\t\t\t<\/dt><\/dl><dl class='gallery-item'>\n\t\t\t<dt class='gallery-icon landscape'>\n\t\t\t\t<a href='https:\/\/panamericana-live.de\/?attachment_id=1466'><img loading=\"lazy\" decoding=\"async\" width=\"300\" height=\"300\" src=\"https:\/\/panamericana-live.de\/wp-content\/uploads\/2015\/03\/DSC_0352-300x300.jpg\" class=\"attachment-thumbnail size-thumbnail\" alt=\"\" \/><\/a>\n\t\t\t<\/dt><\/dl><br style=\"clear: both\" \/>\n\t\t<\/div>\n\n","protected":false},"excerpt":{"rendered":"<p>Kilometerstand Anfang: Pifo bei Quito (Ecuador): 20.245 km Ankunft: Las Lajas (Kolumbien): 20.576 km Gesamtetappe: 331 km Die Gal\u00e1pagos-Woche war sehr toll und intensiv, nichtsdestotrotz waren wir froh, wieder \u201ezu Hause\u201c im MePa zu sein. &hellip; <a href=\"https:\/\/panamericana-live.de\/?p=1448\">Weiterlesen<\/a><\/p>\n","protected":false},"author":2,"featured_media":0,"comment_status":"open","ping_status":"open","sticky":false,"template":"","format":"standard","meta":{"footnotes":""},"categories":[44,48],"tags":[25,5,29,49,26,23],"_links":{"self":[{"href":"https:\/\/panamericana-live.de\/index.php?rest_route=\/wp\/v2\/posts\/1448"}],"collection":[{"href":"https:\/\/panamericana-live.de\/index.php?rest_route=\/wp\/v2\/posts"}],"about":[{"href":"https:\/\/panamericana-live.de\/index.php?rest_route=\/wp\/v2\/types\/post"}],"author":[{"embeddable":true,"href":"https:\/\/panamericana-live.de\/index.php?rest_route=\/wp\/v2\/users\/2"}],"replies":[{"embeddable":true,"href":"https:\/\/panamericana-live.de\/index.php?rest_route=%2Fwp%2Fv2%2Fcomments&post=1448"}],"version-history":[{"count":3,"href":"https:\/\/panamericana-live.de\/index.php?rest_route=\/wp\/v2\/posts\/1448\/revisions"}],"predecessor-version":[{"id":1468,"href":"https:\/\/panamericana-live.de\/index.php?rest_route=\/wp\/v2\/posts\/1448\/revisions\/1468"}],"wp:attachment":[{"href":"https:\/\/panamericana-live.de\/index.php?rest_route=%2Fwp%2Fv2%2Fmedia&parent=1448"}],"wp:term":[{"taxonomy":"category","embeddable":true,"href":"https:\/\/panamericana-live.de\/index.php?rest_route=%2Fwp%2Fv2%2Fcategories&post=1448"},{"taxonomy":"post_tag","embeddable":true,"href":"https:\/\/panamericana-live.de\/index.php?rest_route=%2Fwp%2Fv2%2Ftags&post=1448"}],"curies":[{"name":"wp","href":"https:\/\/api.w.org\/{rel}","templated":true}]}}