{"id":1495,"date":"2015-03-13T23:46:48","date_gmt":"2015-03-13T21:46:48","guid":{"rendered":"http:\/\/panamericana-live.de\/?p=1495"},"modified":"2015-04-03T15:33:50","modified_gmt":"2015-04-03T13:33:50","slug":"medellin-unterwegs-in-der-kolumbianischen-metropole","status":"publish","type":"post","link":"https:\/\/panamericana-live.de\/?p=1495","title":{"rendered":"Medell\u00edn &#8211; unterwegs in der kolumbianischen Metropole"},"content":{"rendered":"<p style=\"text-align: right;\"><strong>Kilometerstand<\/strong><br \/>\nAnfang: Salento (Kolumbien): 21.917 km<br \/>\nAnkunft: Medell\u00edn (Kolumbien): 22.174 km<br \/>\nEtappe: 257 km<\/p>\n<p>Von <em>Salento<\/em> fuhren wir \u00fcber die <em>Panamericana<\/em>, die dort den sch\u00f6nen und treffenden Namen <em>Autopista del Caf\u00e9<\/em> tr\u00e4gt, nach <em>Medell\u00edn<\/em>, eine gro\u00dfe Stadt mit 2,7 Millionen Einwohnern und mit \u2013 wie in allen s\u00fcdamerikanischen Metropolen \u2013 gro\u00dfen und t\u00e4glich wachsenden Slumg\u00fcrtel. Einen Stellplatz fanden wir im sicheren und wohlhabenden Viertel <em>El Poblado<\/em> vor dem <a title=\"Blacksheep Hostel\" href=\"http:\/\/www.blacksheepmedellin.com\" target=\"_blank\">Blacksheep Hostel<\/a>. Dort lernten wir abends <em>Antonio<\/em> und <em>Irene<\/em> aus <em>Rosario<\/em> (Argentinien) kennen. Die beiden reisen ebenfalls seit f\u00fcnf Monaten mit ihrem Auto durch S\u00fcdamerika. Erst entlang der brasilianischen K\u00fcste, dann durch Venezuela, wovon sie begeistert berichteten. Wir probierten den (gro\u00dfartigen) venezolanischen Rum, tauschten Reiseanektdoten aus und verbrachten einen sch\u00f6nen Abend miteinander.<\/p>\n<p>Am Donnerstag wollten wir fr\u00fch aufbrechen, um uns die Stadt anzuschauen. Leichter gesagt als getan, wenn man direkt vor einem Hosteleingang steht. St\u00e4ndig stand jemand vor der Schiebet\u00fcr und wollte quatschen&#8230; macht ja auch Spa\u00df und die meisten haben ja auch von einer spannenden Tour zu erz\u00e4hlen! Irgendwann hatten wir uns losgeeist, fuhren von <em>El Poblado<\/em> durch das Stadtzentrum zum <em>Metrocable<\/em>. <em>Medell\u00edn<\/em> war die erste Stadt, in der man die an den steilen Bergh\u00e4ngen gelegenen Slums mit Seilbahnen in die Innenstadt verband. Zudem wurden in den Elendsvierteln Bibliotheken, Parks etc. angelegt. Wir fuhren mit der Linie J und K und L, wobei die zweite die spannendere war: hervorragender Blick auf <em>Medell\u00edn<\/em>, auch wenn der Blick auf die Slums sehr nachdenklich macht.<\/p>\n<p>Nach dem <em>Metrocable<\/em> besichtigen wir den <em>Plaza de Botero<\/em>, mitten im Stadtzentrum, wo einige der Bronzestatuen des ber\u00fchmten kolumbianischen K\u00fcnstlers <a title=\"Wikipedia: Botero\" href=\"http:\/\/de.wikipedia.org\/wiki\/Fernando_Botero\" target=\"_blank\">Fernando\u00a0Botero<\/a> aufgestellt sind. Dazwischen pulsierte das echte kolumbianische Leben: laut und chaotisch! An einer anderen Plaza stehen die ber\u00fchmten Friedenstauben. Der erste Vogel war 1995 zerst\u00f6rt worden, als die <a title=\"Wikipedia: FARC\" href=\"http:\/\/de.wikipedia.org\/wiki\/FARC-EP\" target=\"_blank\">FARC<\/a> einen Anschlag mit einer Autobombe ver\u00fcbte, bei dem 23 Menschen ums Lebens kamen. <em>Boteros<\/em> Vogel wurde nicht repariert oder ersetzt, sondern der K\u00fcnstler entschied sich, eine Replik mit dem Namen <em>Vogel des Friedens<\/em>\u00a0daneben zu setzen, um deutlich zu machen: Kunst ist st\u00e4rker als Gewalt!<\/p>\n\n<div class='gallery'><dl class='gallery-item'>\n\t\t\t<dt class='gallery-icon landscape'>\n\t\t\t\t<a href='https:\/\/panamericana-live.de\/?attachment_id=1532'><img loading=\"lazy\" decoding=\"async\" width=\"300\" height=\"300\" src=\"https:\/\/panamericana-live.de\/wp-content\/uploads\/2015\/04\/DSC_0003-300x300.jpg\" class=\"attachment-thumbnail size-thumbnail\" alt=\"\" \/><\/a>\n\t\t\t<\/dt><\/dl><dl class='gallery-item'>\n\t\t\t<dt class='gallery-icon landscape'>\n\t\t\t\t<a href='https:\/\/panamericana-live.de\/?attachment_id=1533'><img loading=\"lazy\" decoding=\"async\" width=\"300\" height=\"300\" src=\"https:\/\/panamericana-live.de\/wp-content\/uploads\/2015\/04\/DSC_0012-300x300.jpg\" class=\"attachment-thumbnail size-thumbnail\" alt=\"\" \/><\/a>\n\t\t\t<\/dt><\/dl><dl class='gallery-item'>\n\t\t\t<dt class='gallery-icon landscape'>\n\t\t\t\t<a href='https:\/\/panamericana-live.de\/?attachment_id=1534'><img loading=\"lazy\" decoding=\"async\" width=\"300\" height=\"300\" src=\"https:\/\/panamericana-live.de\/wp-content\/uploads\/2015\/04\/DSC_0041-300x300.jpg\" class=\"attachment-thumbnail size-thumbnail\" alt=\"\" \/><\/a>\n\t\t\t<\/dt><\/dl><br style=\"clear: both\" \/><dl class='gallery-item'>\n\t\t\t<dt class='gallery-icon landscape'>\n\t\t\t\t<a href='https:\/\/panamericana-live.de\/?attachment_id=1535'><img loading=\"lazy\" decoding=\"async\" width=\"300\" height=\"300\" src=\"https:\/\/panamericana-live.de\/wp-content\/uploads\/2015\/04\/DSC_0048-300x300.jpg\" class=\"attachment-thumbnail size-thumbnail\" alt=\"\" \/><\/a>\n\t\t\t<\/dt><\/dl><dl class='gallery-item'>\n\t\t\t<dt class='gallery-icon landscape'>\n\t\t\t\t<a href='https:\/\/panamericana-live.de\/?attachment_id=1536'><img loading=\"lazy\" decoding=\"async\" width=\"300\" height=\"300\" src=\"https:\/\/panamericana-live.de\/wp-content\/uploads\/2015\/04\/IMG_1260-300x300.jpg\" class=\"attachment-thumbnail size-thumbnail\" alt=\"\" \/><\/a>\n\t\t\t<\/dt><\/dl>\n\t\t\t<br style='clear: both' \/>\n\t\t<\/div>\n\n<p>Wir fuhren mit der <em>Metro<\/em> zur\u00fcck in unser Hostel. <em>Manuel<\/em>, den wir bereits in <em>Salento<\/em> im <em>Plantation House<\/em> kennen gelernt hatten, konnte erfolgreich Karten f\u00fcr <em>Manu Chao<\/em> erstehen und so zogen wir abends zu zw\u00f6lft los. Das Konzert fand im <em>Parque Botanico<\/em> statt, halb openair. Zuvor standen wir jedoch erst einmal zwei Stunden in einer ca. 200 m langen Schlange, erst eine Polizeikontrolle, gefolgt von einer Kontrolle durch den Sicherheitsdienst &#8211; wer vertraut da wem nicht? Nun ja, irgendwann hatten wir es geschafft, die Vorband war gerade fertig und p\u00fcnktlich zum Konzertbeginn waren wir drin. Eine tolle Location mit den Lichtern der Bergh\u00e4nge von <em>Medell\u00edn<\/em> im Hintergrund. Das Konzert begann mit einer &#8211; f\u00fcr europ\u00e4ische Verh\u00e4ltnisse &#8211; unfassbaren Stimmung, die Menge tobte ab der ersten Sekunde, <a title=\"Manu Chao live in Medellin\" href=\"http:\/\/panamericana-live.de\/videos\/Manu%20Chao in Medellin 2015.mp4\" target=\"_blank\">aber seht selbst<\/a>!<\/p>\n","protected":false},"excerpt":{"rendered":"<p>Kilometerstand Anfang: Salento (Kolumbien): 21.917 km Ankunft: Medell\u00edn (Kolumbien): 22.174 km Etappe: 257 km Von Salento fuhren wir \u00fcber die Panamericana, die dort den sch\u00f6nen und treffenden Namen Autopista del Caf\u00e9 tr\u00e4gt, nach Medell\u00edn, eine &hellip; <a href=\"https:\/\/panamericana-live.de\/?p=1495\">Weiterlesen<\/a><\/p>\n","protected":false},"author":2,"featured_media":0,"comment_status":"open","ping_status":"open","sticky":false,"template":"","format":"standard","meta":{"footnotes":""},"categories":[48],"tags":[53,49,32,26],"_links":{"self":[{"href":"https:\/\/panamericana-live.de\/index.php?rest_route=\/wp\/v2\/posts\/1495"}],"collection":[{"href":"https:\/\/panamericana-live.de\/index.php?rest_route=\/wp\/v2\/posts"}],"about":[{"href":"https:\/\/panamericana-live.de\/index.php?rest_route=\/wp\/v2\/types\/post"}],"author":[{"embeddable":true,"href":"https:\/\/panamericana-live.de\/index.php?rest_route=\/wp\/v2\/users\/2"}],"replies":[{"embeddable":true,"href":"https:\/\/panamericana-live.de\/index.php?rest_route=%2Fwp%2Fv2%2Fcomments&post=1495"}],"version-history":[{"count":3,"href":"https:\/\/panamericana-live.de\/index.php?rest_route=\/wp\/v2\/posts\/1495\/revisions"}],"predecessor-version":[{"id":1538,"href":"https:\/\/panamericana-live.de\/index.php?rest_route=\/wp\/v2\/posts\/1495\/revisions\/1538"}],"wp:attachment":[{"href":"https:\/\/panamericana-live.de\/index.php?rest_route=%2Fwp%2Fv2%2Fmedia&parent=1495"}],"wp:term":[{"taxonomy":"category","embeddable":true,"href":"https:\/\/panamericana-live.de\/index.php?rest_route=%2Fwp%2Fv2%2Fcategories&post=1495"},{"taxonomy":"post_tag","embeddable":true,"href":"https:\/\/panamericana-live.de\/index.php?rest_route=%2Fwp%2Fv2%2Ftags&post=1495"}],"curies":[{"name":"wp","href":"https:\/\/api.w.org\/{rel}","templated":true}]}}