{"id":1592,"date":"2015-03-23T23:14:01","date_gmt":"2015-03-23T21:14:01","guid":{"rendered":"http:\/\/panamericana-live.de\/?p=1592"},"modified":"2015-05-06T01:24:14","modified_gmt":"2015-05-05T23:24:14","slug":"wir-sagen-ciao-suedamerika","status":"publish","type":"post","link":"https:\/\/panamericana-live.de\/?p=1592","title":{"rendered":"Wir sagen ciao S\u00fcdamerika!"},"content":{"rendered":"<p><em><a href=\"http:\/\/panamericana-live.de\/?attachment_id=1566\" rel=\"attachment wp-att-1566\"><img loading=\"lazy\" decoding=\"async\" class=\"alignleft size-thumbnail wp-image-1566\" src=\"http:\/\/panamericana-live.de\/wp-content\/uploads\/2015\/04\/DSC_0327-300x300.jpg\" alt=\"Die Altstadt von Cartagena\" width=\"300\" height=\"300\" \/><\/a>Cartagena<\/em> war unser letztes Ziel in S\u00fcdamerika. Nach fast sechs Monaten, 23.775 gefahrenen Kilometern, sechs L\u00e4ndern und noch mehr Grenz\u00fcberg\u00e4ngen, unz\u00e4hligen tollen Bekanntschaften, traumhaften Landschaften und Eindr\u00fccken war es ein komisches Gef\u00fchl unser letztes Ziel auf diesem Teilkontinent erreicht zu haben.<\/p>\n<p>Wir \u00fcbernachteten im Innenhof des Hotel <em>Bellavista<\/em>, dem Overlander-Klassiker in <em>Cartagena<\/em>, zwar nicht der sch\u00f6nste Platz, aber unter den B\u00e4umen hatten wir einen schattigen und leicht windigen Stellplatz. Insbesondere die Brise Wind tat beim karibischen Klima sehr gut!<\/p>\n<p>Zun\u00e4chst musste der Papierkram f\u00fcr die Verschiffung nach <em>Col\u00f3n<\/em> gekl\u00e4rt hatten. Wir hatten die F\u00e4hrfahrt \u00fcber <em>Martin McGowan<\/em> von <em>overlandsphere.com<\/em> gebucht, ebenfalls ein Langzeitreisender, der die notwendige Kopien an <em>FerryXpress<\/em> bereits weitergeleitet hatte. Dennoch mussten wir noch einmal pers\u00f6nlich zur Agentur <em>Rozogroup<\/em>, wo unser mitgebrachter Stapel Kopien sortiert und getackert wurde&#8230; Keine Ahnung, wozu das n\u00f6tig war. Wahrscheinlich wollen sie verhindern, dass am Abfahrtermin die Leute ohne vollst\u00e4ndige Dokumente am Hafen stehen.<\/p>\n<p>Die n\u00e4chsten zweieinhalb Tage hatten wir \u201efrei\u201c. Nach der intensiven Reise durch Kolumbien tat es gut, mal nichts oder zumindest wenig zu machen. Wir schlenderten durch die sehr sch\u00f6ne Stadt und genossen die gastronomische Infrastruktur einer Touristen- und Kreuzfahrerhochburg. Endlich mal wieder gute Restaurants! Sehr empfehlenswert fanden wir <em>Oh L\u00e0 L\u00e0<\/em> und die Sushi-Bar <em>tabetoi<\/em>. Nicht zu vergessen einen guten Milchkaffee f\u00fcr Antonia und Espresso f\u00fcr Axel bei <em>Juan Vald\u00e9z<\/em>. Die Kaffeekette findet man in allen kolumbianischen Gro\u00dfst\u00e4dten. Die 130.000 Kaffeebauern des Landes sind in der <em>Federaci\u00f3n Nacional de Cafeteros de Colombia<\/em> organisiert und vermarkten ihren Kaffee unter dem Namen <em>Caf\u00e9 de Colombia<\/em>, immer ist im Logo dabei der Bauer <em>Juan Vald\u00e9z<\/em> und seine Eselin <em>Conchita<\/em> abgebildet.<\/p>\n<p>Am Dienstag stie\u00dfen wir bei einem unserer Stadtbummel auf <em>Simon<\/em> und sein Fahrzeug. Wir wollten erst unseren Augen nicht trauen, als wir drei sch\u00f6ne MGs mit australischem Kennzeichen und \u201ePanamerican Highway 2015\u201c-Aufkleber in der Stra\u00dfe stehen sahen. Wie sich dann im Gespr\u00e4ch mit <em>Simon<\/em> herausstellte, bereist der australische <em>MG Classic Car Club<\/em> mit sieben sch\u00f6nen MGs, Baujahr 1969, ebenfalls die Strecke.<\/p>\n<p><em>Cartagena<\/em> war f\u00fcr uns ein sch\u00f6ner Abschluss f\u00fcr einen tollen Kontintent und ein wundervolles Land. Wir sagen <em>ciao<\/em> und nicht <em>adi\u00f3s<\/em>, denn eins ist sicher: wir kommen definitiv noch einmal wieder!<\/p>\n\n<div class='gallery'><dl class='gallery-item'>\n\t\t\t<dt class='gallery-icon landscape'>\n\t\t\t\t<a href='https:\/\/panamericana-live.de\/?attachment_id=1564'><img loading=\"lazy\" decoding=\"async\" width=\"300\" height=\"300\" src=\"https:\/\/panamericana-live.de\/wp-content\/uploads\/2015\/04\/DSC_0320-300x300.jpg\" class=\"attachment-thumbnail size-thumbnail\" alt=\"\" \/><\/a>\n\t\t\t<\/dt><\/dl><dl class='gallery-item'>\n\t\t\t<dt class='gallery-icon landscape'>\n\t\t\t\t<a href='https:\/\/panamericana-live.de\/?attachment_id=1565'><img loading=\"lazy\" decoding=\"async\" width=\"300\" height=\"300\" src=\"https:\/\/panamericana-live.de\/wp-content\/uploads\/2015\/04\/DSC_0324-300x300.jpg\" class=\"attachment-thumbnail size-thumbnail\" alt=\"\" \/><\/a>\n\t\t\t<\/dt><\/dl><dl class='gallery-item'>\n\t\t\t<dt class='gallery-icon landscape'>\n\t\t\t\t<a href='https:\/\/panamericana-live.de\/?attachment_id=1567'><img loading=\"lazy\" decoding=\"async\" width=\"300\" height=\"300\" src=\"https:\/\/panamericana-live.de\/wp-content\/uploads\/2015\/04\/DSC_0331-300x300.jpg\" class=\"attachment-thumbnail size-thumbnail\" alt=\"\" \/><\/a>\n\t\t\t<\/dt><\/dl><br style=\"clear: both\" \/><dl class='gallery-item'>\n\t\t\t<dt class='gallery-icon portrait'>\n\t\t\t\t<a href='https:\/\/panamericana-live.de\/?attachment_id=1570'><img loading=\"lazy\" decoding=\"async\" width=\"300\" height=\"300\" src=\"https:\/\/panamericana-live.de\/wp-content\/uploads\/2015\/04\/DSC_0364-300x300.jpg\" class=\"attachment-thumbnail size-thumbnail\" alt=\"\" \/><\/a>\n\t\t\t<\/dt><\/dl><dl class='gallery-item'>\n\t\t\t<dt class='gallery-icon landscape'>\n\t\t\t\t<a href='https:\/\/panamericana-live.de\/?attachment_id=1569'><img loading=\"lazy\" decoding=\"async\" width=\"300\" height=\"300\" src=\"https:\/\/panamericana-live.de\/wp-content\/uploads\/2015\/04\/DSC_0342-300x300.jpg\" class=\"attachment-thumbnail size-thumbnail\" alt=\"\" \/><\/a>\n\t\t\t<\/dt><\/dl><dl class='gallery-item'>\n\t\t\t<dt class='gallery-icon portrait'>\n\t\t\t\t<a href='https:\/\/panamericana-live.de\/?attachment_id=1568'><img loading=\"lazy\" decoding=\"async\" width=\"300\" height=\"300\" src=\"https:\/\/panamericana-live.de\/wp-content\/uploads\/2015\/04\/DSC_0335-300x300.jpg\" class=\"attachment-thumbnail size-thumbnail\" alt=\"\" \/><\/a>\n\t\t\t<\/dt><\/dl><br style=\"clear: both\" \/><dl class='gallery-item'>\n\t\t\t<dt class='gallery-icon landscape'>\n\t\t\t\t<a href='https:\/\/panamericana-live.de\/?attachment_id=1571'><img loading=\"lazy\" decoding=\"async\" width=\"300\" height=\"300\" src=\"https:\/\/panamericana-live.de\/wp-content\/uploads\/2015\/04\/DSC_0375-300x300.jpg\" class=\"attachment-thumbnail size-thumbnail\" alt=\"\" \/><\/a>\n\t\t\t<\/dt><\/dl><dl class='gallery-item'>\n\t\t\t<dt class='gallery-icon landscape'>\n\t\t\t\t<a href='https:\/\/panamericana-live.de\/?attachment_id=1573'><img loading=\"lazy\" decoding=\"async\" width=\"300\" height=\"300\" src=\"https:\/\/panamericana-live.de\/wp-content\/uploads\/2015\/04\/DSC_0387-300x300.jpg\" class=\"attachment-thumbnail size-thumbnail\" alt=\"\" \/><\/a>\n\t\t\t<\/dt><\/dl><dl class='gallery-item'>\n\t\t\t<dt class='gallery-icon landscape'>\n\t\t\t\t<a href='https:\/\/panamericana-live.de\/?attachment_id=1572'><img loading=\"lazy\" decoding=\"async\" width=\"300\" height=\"300\" src=\"https:\/\/panamericana-live.de\/wp-content\/uploads\/2015\/04\/DSC_0381-300x300.jpg\" class=\"attachment-thumbnail size-thumbnail\" alt=\"\" \/><\/a>\n\t\t\t<\/dt><\/dl><br style=\"clear: both\" \/>\n\t\t<\/div>\n\n","protected":false},"excerpt":{"rendered":"<p>Cartagena war unser letztes Ziel in S\u00fcdamerika. Nach fast sechs Monaten, 23.775 gefahrenen Kilometern, sechs L\u00e4ndern und noch mehr Grenz\u00fcberg\u00e4ngen, unz\u00e4hligen tollen Bekanntschaften, traumhaften Landschaften und Eindr\u00fccken war es ein komisches Gef\u00fchl unser letztes Ziel &hellip; <a href=\"https:\/\/panamericana-live.de\/?p=1592\">Weiterlesen<\/a><\/p>\n","protected":false},"author":3,"featured_media":0,"comment_status":"open","ping_status":"open","sticky":false,"template":"","format":"standard","meta":{"footnotes":""},"categories":[48],"tags":[39,25,53,49,66,27],"_links":{"self":[{"href":"https:\/\/panamericana-live.de\/index.php?rest_route=\/wp\/v2\/posts\/1592"}],"collection":[{"href":"https:\/\/panamericana-live.de\/index.php?rest_route=\/wp\/v2\/posts"}],"about":[{"href":"https:\/\/panamericana-live.de\/index.php?rest_route=\/wp\/v2\/types\/post"}],"author":[{"embeddable":true,"href":"https:\/\/panamericana-live.de\/index.php?rest_route=\/wp\/v2\/users\/3"}],"replies":[{"embeddable":true,"href":"https:\/\/panamericana-live.de\/index.php?rest_route=%2Fwp%2Fv2%2Fcomments&post=1592"}],"version-history":[{"count":4,"href":"https:\/\/panamericana-live.de\/index.php?rest_route=\/wp\/v2\/posts\/1592\/revisions"}],"predecessor-version":[{"id":1621,"href":"https:\/\/panamericana-live.de\/index.php?rest_route=\/wp\/v2\/posts\/1592\/revisions\/1621"}],"wp:attachment":[{"href":"https:\/\/panamericana-live.de\/index.php?rest_route=%2Fwp%2Fv2%2Fmedia&parent=1592"}],"wp:term":[{"taxonomy":"category","embeddable":true,"href":"https:\/\/panamericana-live.de\/index.php?rest_route=%2Fwp%2Fv2%2Fcategories&post=1592"},{"taxonomy":"post_tag","embeddable":true,"href":"https:\/\/panamericana-live.de\/index.php?rest_route=%2Fwp%2Fv2%2Ftags&post=1592"}],"curies":[{"name":"wp","href":"https:\/\/api.w.org\/{rel}","templated":true}]}}