{"id":1625,"date":"2015-04-01T14:39:50","date_gmt":"2015-04-01T12:39:50","guid":{"rendered":"http:\/\/panamericana-live.de\/?p=1625"},"modified":"2015-07-02T02:40:24","modified_gmt":"2015-07-02T00:40:24","slug":"hola-costa-rica","status":"publish","type":"post","link":"https:\/\/panamericana-live.de\/?p=1625","title":{"rendered":"Hol\u00e0 Costa Rica!"},"content":{"rendered":"<p style=\"text-align: right;\"><strong>Kilometerstand<\/strong><br \/>\nAbfahrt: Playa Las Lajas (Panam\u00e1): 24.304 km<br \/>\nAnkunft: Parque National Marino Ballena (Costa Rica): 24.585 km<br \/>\nEtappe: 281 km<\/p>\n<p>Von der<em> Playa Las Lajas<\/em> machten wir uns fr\u00fch auf den Weg in Richtung <em>Costa Rica<\/em>. Kurz vor der Grenze wurden wir erneut vom Zoll angehalten. Der sehr nette panamaesische Zollbeamte\u00a0warf einen Blick auf die Dokumente und bemerkte erstaunt, wie kurz wir uns in <em>Panam\u00e1<\/em> aufgehalten h\u00e4tten. Wenn mehr seiner Landsleute so nett gewesen w\u00e4ren, h\u00e4tten wir es uns vielleicht noch einmal anders \u00fcberlegt und w\u00e4ren nicht so schnell gewesen&#8230;<\/p>\n<p>Die Fahrzeugausfuhr in <em>Panam\u00e1<\/em> war etwas chaotisch, aber wir waren schnell fertig. Wenige Meter\u00a0weiter auf der <em>costa-ricanischen<\/em> Seite fielen uns sofort die australischen MGs ins Auge \u2013 nur von den Australiern war weit und breit keine Spur zu sehen. Nach der <em>Migration<\/em> liefen wir ihnen dann aber doch in die Arme und sie freuten sich sehr, uns wieder zu sehen \u2013 die Gruppe fr\u00e4st so schnell \u00fcber die <em>Panamericana<\/em>, dass zweite Begegnungen sehr selten stattfinden! Einer der M\u00e4nner erkl\u00e4rte uns den Ablauf und wo wir welche Kopien ben\u00f6tigten. Dank unseres australischen \u201eGrenzhelfers\u201c verlief das Prozedere strukturiert, z\u00fcgig und ebenfalls unkomplizierter als erwartet. Und als wir zur\u00fcck zum MePa kamen, entdeckten wir <em>Victors<\/em> Camper auf dem Parkplatz \ud83d\ude42 . Also zur\u00fcck zu den Abfertigungsgeb\u00e4uden &#8211; dort fanden wir <em>Victor<\/em> bei der Einreise. Auch er freute sich sehr \u00fcber das Wiedersehen! Er erz\u00e4hlte, entgegen seiner Pl\u00e4ne auf <em>Bocas del Toro<\/em> doch keine Lust zu haben und weiterfahren zu wollen. Ziemlich bezeichnend, dass fast alle, mit denen wir nach <em>Panam\u00e1<\/em> eingereist waren, das Land nach so kurzer Zeit (oder wie die <em>Chilenen<\/em> oder die <em>Russen<\/em> noch fr\u00fcher) wieder verlie\u00dfen.<\/p>\n<p>Unser erstes Ziel in <em>Costa Rica<\/em> war der <em>Nationalpark Marino Ballena<\/em> an der Pazifikk\u00fcste. Auf dem Weg dorthin war es wieder fantastisch gr\u00fcn \u2013 nach der ausgetrockneten Landschaft in <em>Panam\u00e1<\/em> eine wahre Wohltat f\u00fcr die Augen \ud83d\ude42 ! Wir parkten das MePa auf dem Campingplatz und liefen zum Strand <em>Colonia<\/em>: ein kilometerlanger Sandstrand, mit Palmen ums\u00e4umt &#8211; hier lie\u00df es sich aushalten! Nur die Wassertemperatur des Pazifik erinnerte mehr an eine Badewanne als an einen Ozean. Die Buckelwale, nach denen der Nationalpark benannt wurde, ziehen in den (europ\u00e4ischen) Sommermonaten hier vorbei \u2013 da stimmte die Angabe im <em>Lonely Planet<\/em>\u00a0wohl nicht, wie uns der Mitarbeiter des Campingplatzes \u00fcberrascht erkl\u00e4rte. Da wir nach 16 Uhr im Nationalpark eintrafen und der Einlass zu dieser Zeit eigentlich bereits geschlossen war, wurde unser Ticket bereits auf den n\u00e4chsten Tag ausgestellt \u2013 sehr nett! Am n\u00e4chsten Morgen stand ein sehr langer Spaziergang bis zum Ende der Landzunge in Form der Walschwanzflosse an \u2013 die volle Pracht sieht man leider nur auf einem Luftbild.<\/p>\n\n<div class='gallery'><dl class='gallery-item'>\n\t\t\t<dt class='gallery-icon landscape'>\n\t\t\t\t<a href='https:\/\/panamericana-live.de\/?attachment_id=1631'><img loading=\"lazy\" decoding=\"async\" width=\"300\" height=\"300\" src=\"https:\/\/panamericana-live.de\/wp-content\/uploads\/2015\/04\/DSC_0718-300x300.jpg\" class=\"attachment-thumbnail size-thumbnail\" alt=\"\" \/><\/a>\n\t\t\t<\/dt><\/dl><dl class='gallery-item'>\n\t\t\t<dt class='gallery-icon landscape'>\n\t\t\t\t<a href='https:\/\/panamericana-live.de\/?attachment_id=1627'><img loading=\"lazy\" decoding=\"async\" width=\"300\" height=\"300\" src=\"https:\/\/panamericana-live.de\/wp-content\/uploads\/2015\/04\/DSC_0686-300x300.jpg\" class=\"attachment-thumbnail size-thumbnail\" alt=\"\" \/><\/a>\n\t\t\t<\/dt><\/dl><dl class='gallery-item'>\n\t\t\t<dt class='gallery-icon landscape'>\n\t\t\t\t<a href='https:\/\/panamericana-live.de\/?attachment_id=1628'><img loading=\"lazy\" decoding=\"async\" width=\"300\" height=\"300\" src=\"https:\/\/panamericana-live.de\/wp-content\/uploads\/2015\/04\/DSC_0690-300x300.jpg\" class=\"attachment-thumbnail size-thumbnail\" alt=\"\" \/><\/a>\n\t\t\t<\/dt><\/dl><br style=\"clear: both\" \/><dl class='gallery-item'>\n\t\t\t<dt class='gallery-icon landscape'>\n\t\t\t\t<a href='https:\/\/panamericana-live.de\/?attachment_id=1630'><img loading=\"lazy\" decoding=\"async\" width=\"300\" height=\"300\" src=\"https:\/\/panamericana-live.de\/wp-content\/uploads\/2015\/04\/DSC_0707-300x300.jpg\" class=\"attachment-thumbnail size-thumbnail\" alt=\"\" \/><\/a>\n\t\t\t<\/dt><\/dl><dl class='gallery-item'>\n\t\t\t<dt class='gallery-icon landscape'>\n\t\t\t\t<a href='https:\/\/panamericana-live.de\/?attachment_id=1629'><img loading=\"lazy\" decoding=\"async\" width=\"300\" height=\"300\" src=\"https:\/\/panamericana-live.de\/wp-content\/uploads\/2015\/04\/DSC_0694-300x300.jpg\" class=\"attachment-thumbnail size-thumbnail\" alt=\"\" \/><\/a>\n\t\t\t<\/dt><\/dl>\n\t\t\t<br style='clear: both' \/>\n\t\t<\/div>\n\n","protected":false},"excerpt":{"rendered":"<p>Kilometerstand Abfahrt: Playa Las Lajas (Panam\u00e1): 24.304 km Ankunft: Parque National Marino Ballena (Costa Rica): 24.585 km Etappe: 281 km Von der Playa Las Lajas machten wir uns fr\u00fch auf den Weg in Richtung Costa &hellip; <a href=\"https:\/\/panamericana-live.de\/?p=1625\">Weiterlesen<\/a><\/p>\n","protected":false},"author":2,"featured_media":0,"comment_status":"open","ping_status":"open","sticky":false,"template":"","format":"standard","meta":{"footnotes":""},"categories":[54,50],"tags":[25,55,29,31,51,72],"_links":{"self":[{"href":"https:\/\/panamericana-live.de\/index.php?rest_route=\/wp\/v2\/posts\/1625"}],"collection":[{"href":"https:\/\/panamericana-live.de\/index.php?rest_route=\/wp\/v2\/posts"}],"about":[{"href":"https:\/\/panamericana-live.de\/index.php?rest_route=\/wp\/v2\/types\/post"}],"author":[{"embeddable":true,"href":"https:\/\/panamericana-live.de\/index.php?rest_route=\/wp\/v2\/users\/2"}],"replies":[{"embeddable":true,"href":"https:\/\/panamericana-live.de\/index.php?rest_route=%2Fwp%2Fv2%2Fcomments&post=1625"}],"version-history":[{"count":3,"href":"https:\/\/panamericana-live.de\/index.php?rest_route=\/wp\/v2\/posts\/1625\/revisions"}],"predecessor-version":[{"id":1647,"href":"https:\/\/panamericana-live.de\/index.php?rest_route=\/wp\/v2\/posts\/1625\/revisions\/1647"}],"wp:attachment":[{"href":"https:\/\/panamericana-live.de\/index.php?rest_route=%2Fwp%2Fv2%2Fmedia&parent=1625"}],"wp:term":[{"taxonomy":"category","embeddable":true,"href":"https:\/\/panamericana-live.de\/index.php?rest_route=%2Fwp%2Fv2%2Fcategories&post=1625"},{"taxonomy":"post_tag","embeddable":true,"href":"https:\/\/panamericana-live.de\/index.php?rest_route=%2Fwp%2Fv2%2Ftags&post=1625"}],"curies":[{"name":"wp","href":"https:\/\/api.w.org\/{rel}","templated":true}]}}