{"id":1652,"date":"2015-04-05T14:59:10","date_gmt":"2015-04-05T12:59:10","guid":{"rendered":"http:\/\/panamericana-live.de\/?p=1652"},"modified":"2015-04-23T21:07:35","modified_gmt":"2015-04-23T19:07:35","slug":"von-kraterseen-und-faulen-eiern","status":"publish","type":"post","link":"https:\/\/panamericana-live.de\/?p=1652","title":{"rendered":"Von Kraterseen und faulen Eiern"},"content":{"rendered":"<p style=\"text-align: right;\"><strong>Kilometerstand<\/strong><br \/>\nAbfahrt: Playa T\u00e1rcoles (Costa Rica): 24.746 km<br \/>\nAnkunft: Parque National Volc\u00e1n Po\u00e1s (Costa Rica): 24.936 km<br \/>\nGesamtetappe: 190 km<\/p>\n<p><a href=\"http:\/\/panamericana-live.de\/?attachment_id=1670\" rel=\"attachment wp-att-1670\"><img loading=\"lazy\" decoding=\"async\" class=\"alignright size-thumbnail wp-image-1670\" src=\"http:\/\/panamericana-live.de\/wp-content\/uploads\/2015\/04\/DSC_1046-300x300.jpg\" alt=\"Karfreitagsprozession\" width=\"300\" height=\"300\" \/><\/a>Es war Karfreitag und in der Stadt <em>Heredia<\/em>\u00a0fand eine gro\u00dfe Prozession statt, \u00fcber die wir zuf\u00e4llig auf der Suche nach einem Supermarkt stolperten. Nachdem wir unsere Eink\u00e4ufe erledigt und den Menschenauflauf hinter uns gelassen hatten,\u00a0ging es f\u00fcr uns in den n\u00e4chsten Nationalpark: <em>Braulio Carillo &#8211; Sector Barva<\/em>. Der Zufahrtsweg bestand aus einer frisch und fein geschotterten, ziemlich steilen einspurigen Stra\u00dfe\u00a0mit jeder Menge Gegenverkehr &#8211; schlie\u00dflich war Feiertag. Unterwegs kam uns ein sehr netter Ranger im Pickup entgegen und fragte, ob wir gut zurecht k\u00e4men (ja, wenn man nicht mitten am Hang nach einem Schw\u00e4tzchen wieder anfahren muss&#8230; \ud83d\ude44 ). Er erkl\u00e4rte, dass wir selbstverst\u00e4ndlich oben \u00fcbernachten d\u00fcrften &#8211; immerhin war das schon mal gekl\u00e4rt! Nichtsdestotrotz waren wir sehr froh und erleichtert, als wir endlich den Eingang zum Nationalpark erreicht hatten. Wir durften sogar innerhalb des Gel\u00e4ndes parken, abends noch eine kleine Runde durch den Park drehen und am Samstag dann fr\u00fch zur Wanderung zum Kratersee des Vulkans <em>Barva<\/em> und der <em>Laguna Copey<\/em>\u00a0starten. Und wieder einmal best\u00e4tigte sich die Rede vom fr\u00fchen Vogel &#8211; w\u00e4hrend wir auf dem Hinweg vollkommen allein waren, kamen uns auf dem R\u00fcckweg gro\u00dfe Gruppen in\u00a0\u201alateinamerikanischer\u2019 Lautst\u00e4rke \ud83d\ude09 entgegen.<\/p>\n\n<div class='gallery'><dl class='gallery-item'>\n\t\t\t<dt class='gallery-icon landscape'>\n\t\t\t\t<a href='https:\/\/panamericana-live.de\/?attachment_id=1671'><img loading=\"lazy\" decoding=\"async\" width=\"300\" height=\"300\" src=\"https:\/\/panamericana-live.de\/wp-content\/uploads\/2015\/04\/DSC_00481-300x300.jpg\" class=\"attachment-thumbnail size-thumbnail\" alt=\"\" \/><\/a>\n\t\t\t<\/dt><\/dl><dl class='gallery-item'>\n\t\t\t<dt class='gallery-icon portrait'>\n\t\t\t\t<a href='https:\/\/panamericana-live.de\/?attachment_id=1672'><img loading=\"lazy\" decoding=\"async\" width=\"300\" height=\"300\" src=\"https:\/\/panamericana-live.de\/wp-content\/uploads\/2015\/04\/DSC_0051-300x300.jpg\" class=\"attachment-thumbnail size-thumbnail\" alt=\"\" \/><\/a>\n\t\t\t<\/dt><\/dl><dl class='gallery-item'>\n\t\t\t<dt class='gallery-icon landscape'>\n\t\t\t\t<a href='https:\/\/panamericana-live.de\/?attachment_id=1673'><img loading=\"lazy\" decoding=\"async\" width=\"300\" height=\"300\" src=\"https:\/\/panamericana-live.de\/wp-content\/uploads\/2015\/04\/DSC_0057-300x300.jpg\" class=\"attachment-thumbnail size-thumbnail\" alt=\"\" \/><\/a>\n\t\t\t<\/dt><\/dl><br style=\"clear: both\" \/>\n\t\t<\/div>\n\n<p>Von <em>Braulio Carillo<\/em> aus erreichten wir noch am Nachmittag den n\u00e4chsten Nationalpark, den <em>Volc\u00e1n Po\u00e1s<\/em>. Es war angenehm frisch und leider ziemlich nebelig bzw. wolkig. Und die Kartenverk\u00e4uferin an der Zufahrt antwortete auf die Frage nach der Sicht und dem Wetter ganz ehrlich: \u201eIt costs you 30 Dollars and you will see nothing, today.\u201c Das war deutlich, also tsch\u00fcss und bis morgen. Den Nachmittag verbrachten wir also wie viele Einheimische ganz entspannt am Seitenrand der Verkehrsstra\u00dfe \ud83d\ude00 . Die <em>Ticos<\/em> (<em>Costa Ricaner<\/em>) scheinen es hier irgendwie zu lieben, die Picknick-Decke direkt neben der asphaltierten Stra\u00dfe auszubreiten. Wir lasen und vertr\u00f6delten die Zeit, bis wir kurz vor Einbruch der D\u00e4mmerung erneut zum Eingang des Nationalparks aufbrachen, um dort &#8211; aus Mangel an Seiten- oder Parkstreifen &#8211; direkt auf der begr\u00fcnten Verkehrsinsel zu parken. Am n\u00e4chsten Morgen ging es also wieder fr\u00fch los, die Besucher hielten sich erst einmal in Grenzen und wir konnten vom Aussichtspunkt in den Vulkankrater schauen: gro\u00dfe Schwaden von D\u00e4mpfen zogen aus dem milchige Kratersee hinauf, das Ganze wurde immer wieder von Wolken verhangen und dann wieder freigegeben. H\u00e4tte nur nicht permanent der unangenehme Duft von faulen Eiern in der Luft gelegen&#8230; Wir staunten nicht schlecht, als bei unserer R\u00fcckkehr bereits\u00a0drei\u00a0gro\u00dfe Reisebusse und unz\u00e4hlige Kleinbusse und PKW den Parkplatz f\u00fcllten.<\/p>\n\n<div class='gallery'><dl class='gallery-item'>\n\t\t\t<dt class='gallery-icon landscape'>\n\t\t\t\t<a href='https:\/\/panamericana-live.de\/?attachment_id=1674'><img loading=\"lazy\" decoding=\"async\" width=\"300\" height=\"300\" src=\"https:\/\/panamericana-live.de\/wp-content\/uploads\/2015\/04\/DSC_0116-300x300.jpg\" class=\"attachment-thumbnail size-thumbnail\" alt=\"\" \/><\/a>\n\t\t\t<\/dt><\/dl><dl class='gallery-item'>\n\t\t\t<dt class='gallery-icon landscape'>\n\t\t\t\t<a href='https:\/\/panamericana-live.de\/?attachment_id=1675'><img loading=\"lazy\" decoding=\"async\" width=\"300\" height=\"300\" src=\"https:\/\/panamericana-live.de\/wp-content\/uploads\/2015\/04\/DSC_01391-300x300.jpg\" class=\"attachment-thumbnail size-thumbnail\" alt=\"\" \/><\/a>\n\t\t\t<\/dt><\/dl><dl class='gallery-item'>\n\t\t\t<dt class='gallery-icon landscape'>\n\t\t\t\t<a href='https:\/\/panamericana-live.de\/?attachment_id=1676'><img loading=\"lazy\" decoding=\"async\" width=\"300\" height=\"300\" src=\"https:\/\/panamericana-live.de\/wp-content\/uploads\/2015\/04\/DSC_0174-300x300.jpg\" class=\"attachment-thumbnail size-thumbnail\" alt=\"\" \/><\/a>\n\t\t\t<\/dt><\/dl><br style=\"clear: both\" \/>\n\t\t<\/div>\n\n","protected":false},"excerpt":{"rendered":"<p>Kilometerstand Abfahrt: Playa T\u00e1rcoles (Costa Rica): 24.746 km Ankunft: Parque National Volc\u00e1n Po\u00e1s (Costa Rica): 24.936 km Gesamtetappe: 190 km Es war Karfreitag und in der Stadt Heredia\u00a0fand eine gro\u00dfe Prozession statt, \u00fcber die wir &hellip; <a href=\"https:\/\/panamericana-live.de\/?p=1652\">Weiterlesen<\/a><\/p>\n","protected":false},"author":2,"featured_media":0,"comment_status":"open","ping_status":"open","sticky":false,"template":"","format":"standard","meta":{"footnotes":""},"categories":[54],"tags":[55,31,26],"_links":{"self":[{"href":"https:\/\/panamericana-live.de\/index.php?rest_route=\/wp\/v2\/posts\/1652"}],"collection":[{"href":"https:\/\/panamericana-live.de\/index.php?rest_route=\/wp\/v2\/posts"}],"about":[{"href":"https:\/\/panamericana-live.de\/index.php?rest_route=\/wp\/v2\/types\/post"}],"author":[{"embeddable":true,"href":"https:\/\/panamericana-live.de\/index.php?rest_route=\/wp\/v2\/users\/2"}],"replies":[{"embeddable":true,"href":"https:\/\/panamericana-live.de\/index.php?rest_route=%2Fwp%2Fv2%2Fcomments&post=1652"}],"version-history":[{"count":3,"href":"https:\/\/panamericana-live.de\/index.php?rest_route=\/wp\/v2\/posts\/1652\/revisions"}],"predecessor-version":[{"id":1679,"href":"https:\/\/panamericana-live.de\/index.php?rest_route=\/wp\/v2\/posts\/1652\/revisions\/1679"}],"wp:attachment":[{"href":"https:\/\/panamericana-live.de\/index.php?rest_route=%2Fwp%2Fv2%2Fmedia&parent=1652"}],"wp:term":[{"taxonomy":"category","embeddable":true,"href":"https:\/\/panamericana-live.de\/index.php?rest_route=%2Fwp%2Fv2%2Fcategories&post=1652"},{"taxonomy":"post_tag","embeddable":true,"href":"https:\/\/panamericana-live.de\/index.php?rest_route=%2Fwp%2Fv2%2Ftags&post=1652"}],"curies":[{"name":"wp","href":"https:\/\/api.w.org\/{rel}","templated":true}]}}