{"id":1655,"date":"2015-04-07T13:09:58","date_gmt":"2015-04-07T11:09:58","guid":{"rendered":"http:\/\/panamericana-live.de\/?p=1655"},"modified":"2015-07-02T02:40:59","modified_gmt":"2015-07-02T00:40:59","slug":"und-noch-mehr-aktive-vulkane","status":"publish","type":"post","link":"https:\/\/panamericana-live.de\/?p=1655","title":{"rendered":"Und noch mehr aktive Vulkane"},"content":{"rendered":"<p style=\"text-align: right;\"><strong>Kilometerstand<\/strong><br \/>\nAbfahrt: Parque National Volc\u00e1n Po\u00e1s (Costa Rica): 24.936 km<br \/>\nAnkunft: Parque National Rinc\u00f3n de la Vieja (Costa Rica): 25.218 km<br \/>\nGesamtetappe: 282 km<\/p>\n<p>F\u00fcr uns folgte am Ostersonntag ein zweiter aktiver Vulkan, der <em>Volc\u00e1n Arenal<\/em>, einige Kilometer n\u00f6rdlich am sch\u00f6nen <em>Lago Arenal<\/em> gelegen. Wir hatten richtig Gl\u00fcck, schon aus der Ferne konnte man den Vulkan in ganzer Pracht bewundern. Das ist eher untypisch, er versteckt sich gerne hinter dicken Wolken. Unseren eigentlich anvisierten Stellplatz in der N\u00e4he des Vulkans gaben wir auf &#8211; auf 10 km Schotterpiste hatten wir keine Lust und den Vulkan schon gesehen. Also ging es weiter entlang des Sees. F\u00fcndig wurden wir in der Ortschaft <em>Nuevo Arenal<\/em>, dort gibt es direkt am Seeufer ein gro\u00dfes Naherholungsgebiet. Die Einheimischen verbrachten ihren Ostersonntag hier: Picknick-Decke neben dem Auto ausgebreitet und die Boxen an. Immer sch\u00f6n abwechselnd, damit auch keiner mit leerer Batterie auf der Strecke bleibt&#8230; \ud83d\ude09 ! Die Stimmung war sehr entspannt und die Beschallung &#8211;\u00a0entgegen unserer\u00a0Erwartung &#8211; nicht nervig sondern irgendwie stimmig. Wir machten es den <em>Ticos<\/em> gleich und breiteten unsere Strandt\u00fccher neben dem MePa aus. Nach Einbruch der Dunkelheit wurde es schlagartig ruhig und wir waren bis auf wenige Jugendliche alleine.<\/p>\n\n<div class='gallery'><dl class='gallery-item'>\n\t\t\t<dt class='gallery-icon landscape'>\n\t\t\t\t<a href='https:\/\/panamericana-live.de\/?attachment_id=1682'><img loading=\"lazy\" decoding=\"async\" width=\"300\" height=\"300\" src=\"https:\/\/panamericana-live.de\/wp-content\/uploads\/2015\/04\/DSC_01962-300x300.jpg\" class=\"attachment-thumbnail size-thumbnail\" alt=\"\" \/><\/a>\n\t\t\t<\/dt><\/dl><dl class='gallery-item'>\n\t\t\t<dt class='gallery-icon landscape'>\n\t\t\t\t<a href='https:\/\/panamericana-live.de\/?attachment_id=1683'><img loading=\"lazy\" decoding=\"async\" width=\"300\" height=\"300\" src=\"https:\/\/panamericana-live.de\/wp-content\/uploads\/2015\/04\/DSC_0212-300x300.jpg\" class=\"attachment-thumbnail size-thumbnail\" alt=\"\" \/><\/a>\n\t\t\t<\/dt><\/dl><dl class='gallery-item'>\n\t\t\t<dt class='gallery-icon landscape'>\n\t\t\t\t<a href='https:\/\/panamericana-live.de\/?attachment_id=1684'><img loading=\"lazy\" decoding=\"async\" width=\"300\" height=\"300\" src=\"https:\/\/panamericana-live.de\/wp-content\/uploads\/2015\/04\/DSC_0251-300x300.jpg\" class=\"attachment-thumbnail size-thumbnail\" alt=\"\" \/><\/a>\n\t\t\t<\/dt><\/dl><br style=\"clear: both\" \/>\n\t\t<\/div>\n\n<p>Am n\u00e4chsten Morgen &#8211;\u00a0nach einer wohltuenden Outdoordusche, f\u00fcr Axel sogar mit extra Wasser von oben aus den Wolken \ud83d\ude09 &#8211;\u00a0ging es zun\u00e4chst zur deutschen B\u00e4ckerei im Dorf. Wir trauten unseren Augen nicht, vor der T\u00fcr stand ein Reisebus! \ud83d\ude2f \u00a0Ja, und bis auf ein Wei\u00dfbrot und Teilchen war tats\u00e4chlich alles ausverkauft&#8230; um 9 Uhr morgens! Nee, zwei Stunden warten wollten wir nicht, also kauften wir das letzte Brot und zwei Nussschnecken und fuhren weiter.<\/p>\n<p>Unser Ziel war der <em>Nationalpark Rinc\u00f3n de la Vieja<\/em>. Nach Verlassen der <em>Panamericana<\/em> f\u00fchrte die Strecke einige Kilometer \u00fcber eine asphaltierte Stra\u00dfe, bevor wir eine Schotterpiste im Privatbesitz erreichten. Der Pf\u00f6rtner fragte nach unserem Ziel, wir bezahlten den Wegezoll und fuhren weiter bis zum Eingang des Nationalparks. \u00c4hm, warum ist der Parkplatz komplett leer? Na super, montags geschlossen&#8230; h\u00e4tten wir ja doch morgens noch auf das frische K\u00f6rnerbrot warten k\u00f6nnen. Daf\u00fcr gab es den dritten \u201afreien\u2019 Nachmittag in Folge und wir hatten Zeit f\u00fcr Reisef\u00fchrer, weitere Routenplanung und das Sortieren von Fotos.<\/p>\n<p>Bereits tags\u00fcber peitschte der Wind um das Auto, was leider auch nach Sonnenuntergang nicht weniger wurde und dazu f\u00fchrte, dass wir uns nach <em>Patagonien<\/em> zur\u00fcck versetzt f\u00fchlten. Nach der unruhigen Nacht, in der wir beide immer wieder wach wurden, ging es fr\u00fch morgens in den Nationalpark <em>Rinc\u00f3n de la Vieja<\/em>. Wir wollten die Hitze vermeiden und den bef\u00fcrchteten Menschenmassen aus dem Weg gehen. Der Nationalpark stellte eine witzige Mischung aus deutschem Mittelgebirge mit einem Rudel Nasenb\u00e4ren und Fumarolen (qualmende L\u00f6cher) und &#8211;\u00a0auf der anderen Seite des Flusses &#8211; Steppe mit blubbernden Schlamml\u00f6chern dar. Die Gegens\u00e4tze aus Laubwald und Steppe waren toll und noch beeindruckender die Vorstellung, wie es unterhalb der Oberfl\u00e4che des aktiven Vulkans aussehen muss, dass\u00a0es \u00fcberall dampft, qualmt und blubbert.<\/p>\n\n<div class='gallery'><dl class='gallery-item'>\n\t\t\t<dt class='gallery-icon landscape'>\n\t\t\t\t<a href='https:\/\/panamericana-live.de\/?attachment_id=1687'><img loading=\"lazy\" decoding=\"async\" width=\"300\" height=\"300\" src=\"https:\/\/panamericana-live.de\/wp-content\/uploads\/2015\/04\/DSC_0317-300x300.jpg\" class=\"attachment-thumbnail size-thumbnail\" alt=\"\" \/><\/a>\n\t\t\t<\/dt><\/dl><dl class='gallery-item'>\n\t\t\t<dt class='gallery-icon landscape'>\n\t\t\t\t<a href='https:\/\/panamericana-live.de\/?attachment_id=1685'><img loading=\"lazy\" decoding=\"async\" width=\"300\" height=\"300\" src=\"https:\/\/panamericana-live.de\/wp-content\/uploads\/2015\/04\/DSC_02691-300x300.jpg\" class=\"attachment-thumbnail size-thumbnail\" alt=\"\" \/><\/a>\n\t\t\t<\/dt><\/dl><dl class='gallery-item'>\n\t\t\t<dt class='gallery-icon landscape'>\n\t\t\t\t<a href='https:\/\/panamericana-live.de\/?attachment_id=1686'><img loading=\"lazy\" decoding=\"async\" width=\"300\" height=\"300\" src=\"https:\/\/panamericana-live.de\/wp-content\/uploads\/2015\/04\/DSC_0279-300x300.jpg\" class=\"attachment-thumbnail size-thumbnail\" alt=\"\" \/><\/a>\n\t\t\t<\/dt><\/dl><br style=\"clear: both\" \/><dl class='gallery-item'>\n\t\t\t<dt class='gallery-icon landscape'>\n\t\t\t\t<a href='https:\/\/panamericana-live.de\/?attachment_id=1689'><img loading=\"lazy\" decoding=\"async\" width=\"300\" height=\"300\" src=\"https:\/\/panamericana-live.de\/wp-content\/uploads\/2015\/04\/DSC_0355-300x300.jpg\" class=\"attachment-thumbnail size-thumbnail\" alt=\"\" \/><\/a>\n\t\t\t<\/dt><\/dl><dl class='gallery-item'>\n\t\t\t<dt class='gallery-icon landscape'>\n\t\t\t\t<a href='https:\/\/panamericana-live.de\/?attachment_id=1690'><img loading=\"lazy\" decoding=\"async\" width=\"300\" height=\"300\" src=\"https:\/\/panamericana-live.de\/wp-content\/uploads\/2015\/04\/DSC_0377-300x300.jpg\" class=\"attachment-thumbnail size-thumbnail\" alt=\"\" \/><\/a>\n\t\t\t<\/dt><\/dl>\n\t\t\t<br style='clear: both' \/>\n\t\t<\/div>\n\n","protected":false},"excerpt":{"rendered":"<p>Kilometerstand Abfahrt: Parque National Volc\u00e1n Po\u00e1s (Costa Rica): 24.936 km Ankunft: Parque National Rinc\u00f3n de la Vieja (Costa Rica): 25.218 km Gesamtetappe: 282 km F\u00fcr uns folgte am Ostersonntag ein zweiter aktiver Vulkan, der Volc\u00e1n &hellip; <a href=\"https:\/\/panamericana-live.de\/?p=1655\">Weiterlesen<\/a><\/p>\n","protected":false},"author":2,"featured_media":0,"comment_status":"open","ping_status":"open","sticky":false,"template":"","format":"standard","meta":{"footnotes":""},"categories":[54],"tags":[55,31,26,72],"_links":{"self":[{"href":"https:\/\/panamericana-live.de\/index.php?rest_route=\/wp\/v2\/posts\/1655"}],"collection":[{"href":"https:\/\/panamericana-live.de\/index.php?rest_route=\/wp\/v2\/posts"}],"about":[{"href":"https:\/\/panamericana-live.de\/index.php?rest_route=\/wp\/v2\/types\/post"}],"author":[{"embeddable":true,"href":"https:\/\/panamericana-live.de\/index.php?rest_route=\/wp\/v2\/users\/2"}],"replies":[{"embeddable":true,"href":"https:\/\/panamericana-live.de\/index.php?rest_route=%2Fwp%2Fv2%2Fcomments&post=1655"}],"version-history":[{"count":4,"href":"https:\/\/panamericana-live.de\/index.php?rest_route=\/wp\/v2\/posts\/1655\/revisions"}],"predecessor-version":[{"id":1702,"href":"https:\/\/panamericana-live.de\/index.php?rest_route=\/wp\/v2\/posts\/1655\/revisions\/1702"}],"wp:attachment":[{"href":"https:\/\/panamericana-live.de\/index.php?rest_route=%2Fwp%2Fv2%2Fmedia&parent=1655"}],"wp:term":[{"taxonomy":"category","embeddable":true,"href":"https:\/\/panamericana-live.de\/index.php?rest_route=%2Fwp%2Fv2%2Fcategories&post=1655"},{"taxonomy":"post_tag","embeddable":true,"href":"https:\/\/panamericana-live.de\/index.php?rest_route=%2Fwp%2Fv2%2Ftags&post=1655"}],"curies":[{"name":"wp","href":"https:\/\/api.w.org\/{rel}","templated":true}]}}