{"id":1660,"date":"2015-04-12T23:16:33","date_gmt":"2015-04-12T21:16:33","guid":{"rendered":"http:\/\/panamericana-live.de\/?p=1660"},"modified":"2015-05-01T05:00:20","modified_gmt":"2015-05-01T03:00:20","slug":"nicaragua-oder-wie-im-backofen","status":"publish","type":"post","link":"https:\/\/panamericana-live.de\/?p=1660","title":{"rendered":"Nicaragua oder &#8222;wie im Backofen&#8230;&#8220;"},"content":{"rendered":"<p style=\"text-align: right;\"><strong>Kilometerstand<\/strong><br \/>\nAbfahrt: Granada (Nicaragua): 25.420 km<br \/>\nAnkunft: Ca\u00f1on de Somoto (Nicaragua): 25.864 km<br \/>\nGesamtetappe: 444 km<\/p>\n<p><a href=\"http:\/\/panamericana-live.de\/?attachment_id=1708\" rel=\"attachment wp-att-1708\"><img loading=\"lazy\" decoding=\"async\" class=\"alignleft size-thumbnail wp-image-1708\" src=\"http:\/\/panamericana-live.de\/wp-content\/uploads\/2015\/05\/DSC_0048-300x300.jpg\" alt=\"Laguna de Apoyo\" width=\"300\" height=\"300\" \/><\/a>Wahrscheinlich ist es f\u00fcr alle, die sich im kalten Deutschland Mitte April den Fr\u00fchling herbeisehen, sehr unverst\u00e4ndlich, aber uns war zu warm, viel zu warm! In <em>Granda<\/em> fielen die Temperaturen nachts kaum unter 30\u00b0C, der kleine Autoventilator, den wir an das Bettende geschraubt hatten, gewann zwar einstimmig den Titel des gr\u00f6\u00dften Krachmachers, viel Luft war weniger seine St\u00e4rke&#8230; \ud83d\ude44 Eigentlich hatten wir geplant, morgens um acht noch einmal in die Stadt zu gehen und noch ein paar Fotos des kolonialzeitlichen <em>Granadas<\/em> zu machen, am Vortag waren wir aufgrund der Hitze zu tr\u00e4ge, aber es waren schon wieder schw\u00fclwarme 32\u00b0C bei praller Sonne. Also hielten wir den Rundgang kurz und machten uns mit dem MePa wieder auf den Weg. Denn Fahren ist super, dann l\u00e4uft n\u00e4mlich die Klimaanlage!<\/p>\n<p>\u00dcber die <em>Pueblos Blancos<\/em>, die wei\u00dfen D\u00f6rfer, die gar nicht mehr wei\u00df sind, und die <em>Laguna Apoyo<\/em> fuhren wir in den <em>Nationalpark Volc\u00e1n Mayasa<\/em>. Wir waren schon gegen Mittag dort, schlenderten einmal kurz durch das Museum, um den Nachmittag lesend und planend zu verbringen. Um 16.30 Uhr startete die Abendf\u00fchrung zun\u00e4chst mit einem \u00dcberblick \u00fcber die Vulkanlandschaft und Blick in den aktiven und rauchenden Vulkan <em>Nindir\u00ed<\/em>. Und zum Gl\u00fcck stank es diesmal nicht nach Schwefel. Wir wanderten auf einen Aussichtspunkt, von wo wir den Sonnenuntergang hinter den Rauchschwaden beobachten konnten. Danach ging es mit Taschenlampe in den Lavatunnel, wo sich w\u00e4hrend der Dikatur Menschen versteckten und heute noch ein paar Flederm\u00e4use leben. Das Highlight entdeckten wir dann an der n\u00e4chsten H\u00f6hle: an der engsten Stelle des H\u00f6hlenausgangs, die die unz\u00e4hligen Flederm\u00e4use passieren m\u00fcssen, hing eine Boa Constricta von der Decke herab &#8211; f\u00fcr sie ein Leben wie im Schlaraffenland! Zur\u00fcck am Vulkan konnten wir zwar mit blo\u00dfen Auge keine Magma erkennen &#8211; daf\u00fcr war der Krater zu wolkenverhanden &#8211; aber es schimmerte r\u00f6tlich aus dem Krater.<\/p>\n\n<div class='gallery'><dl class='gallery-item'>\n\t\t\t<dt class='gallery-icon landscape'>\n\t\t\t\t<a href='https:\/\/panamericana-live.de\/?attachment_id=1710'><img loading=\"lazy\" decoding=\"async\" width=\"300\" height=\"300\" src=\"https:\/\/panamericana-live.de\/wp-content\/uploads\/2015\/05\/DSC_0081-300x300.jpg\" class=\"attachment-thumbnail size-thumbnail\" alt=\"\" \/><\/a>\n\t\t\t<\/dt><\/dl><dl class='gallery-item'>\n\t\t\t<dt class='gallery-icon landscape'>\n\t\t\t\t<a href='https:\/\/panamericana-live.de\/?attachment_id=1709'><img loading=\"lazy\" decoding=\"async\" width=\"300\" height=\"300\" src=\"https:\/\/panamericana-live.de\/wp-content\/uploads\/2015\/05\/CSC_0105-300x300.jpg\" class=\"attachment-thumbnail size-thumbnail\" alt=\"\" \/><\/a>\n\t\t\t<\/dt><\/dl><dl class='gallery-item'>\n\t\t\t<dt class='gallery-icon landscape'>\n\t\t\t\t<a href='https:\/\/panamericana-live.de\/?attachment_id=1711'><img loading=\"lazy\" decoding=\"async\" width=\"300\" height=\"300\" src=\"https:\/\/panamericana-live.de\/wp-content\/uploads\/2015\/05\/DSC_0107-300x300.jpg\" class=\"attachment-thumbnail size-thumbnail\" alt=\"\" \/><\/a>\n\t\t\t<\/dt><\/dl><br style=\"clear: both\" \/>\n\t\t<\/div>\n\n<p>Die Nacht im Nationalpark war etwas k\u00fchler, immerhin \u00fcbernachteten wir auf 300 m H\u00f6he, der n\u00e4chste Tag wurde umso hei\u00dfer: P\u00fcnktlich zur Mittagshitze erreichten wir die Ruinen von <em>Le\u00f3n viejo<\/em>. Einen Guide k\u00f6nne sie uns gerade nicht zur Verf\u00fcgung stellen, aber wir k\u00f6nnten alleine das Museum und die Ruinen besichtigen, erkl\u00e4rte die Kartenverk\u00e4uferin. Na dann, mal los. Die Anlage, 1524 als Hauptstadt der Kolonie von den Spaniern gegr\u00fcndet, wegen vieler Erdbeben nach weniger als 100 Jahren aufgegeben und schlie\u00dflich komplett unter der Asche des Vulkan <em>Momotombo<\/em> vergraben, entpuppte sich als etwas langweilig. Wir waren nach einer Stunde mit unserem Rundgang und von der Hitze fertig und fuhren weiter nach <em>Le\u00f3n<\/em>.<\/p>\n\n<div class='gallery'><dl class='gallery-item'>\n\t\t\t<dt class='gallery-icon landscape'>\n\t\t\t\t<a href='https:\/\/panamericana-live.de\/?attachment_id=1712'><img loading=\"lazy\" decoding=\"async\" width=\"300\" height=\"300\" src=\"https:\/\/panamericana-live.de\/wp-content\/uploads\/2015\/05\/DSC_0111-300x300.jpg\" class=\"attachment-thumbnail size-thumbnail\" alt=\"\" \/><\/a>\n\t\t\t<\/dt><\/dl><dl class='gallery-item'>\n\t\t\t<dt class='gallery-icon landscape'>\n\t\t\t\t<a href='https:\/\/panamericana-live.de\/?attachment_id=1713'><img loading=\"lazy\" decoding=\"async\" width=\"300\" height=\"300\" src=\"https:\/\/panamericana-live.de\/wp-content\/uploads\/2015\/05\/DSC_0117-300x300.jpg\" class=\"attachment-thumbnail size-thumbnail\" alt=\"\" \/><\/a>\n\t\t\t<\/dt><\/dl><dl class='gallery-item'>\n\t\t\t<dt class='gallery-icon landscape'>\n\t\t\t\t<a href='https:\/\/panamericana-live.de\/?attachment_id=1715'><img loading=\"lazy\" decoding=\"async\" width=\"300\" height=\"300\" src=\"https:\/\/panamericana-live.de\/wp-content\/uploads\/2015\/05\/DSC_01241-300x300.jpg\" class=\"attachment-thumbnail size-thumbnail\" alt=\"\" \/><\/a>\n\t\t\t<\/dt><\/dl><br style=\"clear: both\" \/>\n\t\t<\/div>\n\n<p>Herzlich Willkommen in Lateinamerika! 38\u00b0C, schw\u00fclwarm, Verkehrschaos und lautstarke Beschallung aus allen Richtungen waren die ersten Eindr\u00fccke von Le\u00f3ns Stadtzentrum. Wir liefen zur Kathedrale, in der \u00fcber einen weiteren scheppernden Lautsprecher ein Gebet gesprochen wurde, und bestiegen das Dach. Der Ausblick \u00fcber die D\u00e4cher bis zu den Vulkanen war m\u00e4rchenhaft, die gewei\u00dfte Oberfl\u00e4che mit ihren T\u00fcrmchen ebenfalls.<\/p>\n\n<div class='gallery'><dl class='gallery-item'>\n\t\t\t<dt class='gallery-icon landscape'>\n\t\t\t\t<a href='https:\/\/panamericana-live.de\/?attachment_id=1716'><img loading=\"lazy\" decoding=\"async\" width=\"300\" height=\"300\" src=\"https:\/\/panamericana-live.de\/wp-content\/uploads\/2015\/05\/DSC_0141-300x300.jpg\" class=\"attachment-thumbnail size-thumbnail\" alt=\"\" \/><\/a>\n\t\t\t<\/dt><\/dl><dl class='gallery-item'>\n\t\t\t<dt class='gallery-icon landscape'>\n\t\t\t\t<a href='https:\/\/panamericana-live.de\/?attachment_id=1717'><img loading=\"lazy\" decoding=\"async\" width=\"300\" height=\"300\" src=\"https:\/\/panamericana-live.de\/wp-content\/uploads\/2015\/05\/DSC_0150-300x300.jpg\" class=\"attachment-thumbnail size-thumbnail\" alt=\"\" \/><\/a>\n\t\t\t<\/dt><\/dl><dl class='gallery-item'>\n\t\t\t<dt class='gallery-icon portrait'>\n\t\t\t\t<a href='https:\/\/panamericana-live.de\/?attachment_id=1718'><img loading=\"lazy\" decoding=\"async\" width=\"300\" height=\"300\" src=\"https:\/\/panamericana-live.de\/wp-content\/uploads\/2015\/05\/DSC_0157-300x300.jpg\" class=\"attachment-thumbnail size-thumbnail\" alt=\"\" \/><\/a>\n\t\t\t<\/dt><\/dl><br style=\"clear: both\" \/>\n\t\t<\/div>\n\n<p>Auf dem Campingplatz au\u00dferhalb der Stadt waren es immer noch 35\u00b0C, aber immerhin gab es eine Brise Wind. Von dem Besitzer wurde wir sehr freundlich begr\u00fc\u00dft, ein Nicaraguaner mit dem gar nicht typischen Namen <em>Axel<\/em>. Irgendwie lustig, zumal seit Monaten an Grenzen, Eintritten und wo wir sonst unseren Namen angeben m\u00fcssen eine Art Autokorrektur in den K\u00f6pfen der Menschen stattfindet: sie lesen Axel und schreiben Alex, immer und immer und immer wieder \ud83d\ude09 . Der Camping <em>Rancho Los Andes<\/em> war super, die Dusche erinnerte an ein Spa, aber zu dieser Jahreszeit war es f\u00fcr uns definitiv zu hei\u00df, zu windstill und die Dusche zu kurz erfrischend. Auch nachts wurde es kaum k\u00fchler trotz der sperrangelweit offenen Fenster und wir waren beide froh, am n\u00e4chsten Morgen weiterfahren und die Klimaanlage genie\u00dfen zu k\u00f6nnen.<\/p>\n<p>Da die Zigarrenfabrik in <em>Estel\u00ed<\/em> geschlossen hatte, es war Sonntag und Erstkommunion, ging es weiter zu unserem letzten Stopp in Nicaragua: dem <em>Ca\u00f1on de Somoto<\/em>. Auch hier fanden wir einen Campingplatz, der Besitzer\/Mitarbeiter freute sich sehr \u00fcber unser Kommen und erz\u00e4hlte ganz stolz, dass immer mehr Wohnmobile dort \u00fcbernachten w\u00fcrden. Wir erkundeten zu Fu\u00df die Schlucht und fielen fr\u00fch ins Bett \u2013 es war endlich wieder k\u00fchler!<\/p>\n\n<div class='gallery'><dl class='gallery-item'>\n\t\t\t<dt class='gallery-icon landscape'>\n\t\t\t\t<a href='https:\/\/panamericana-live.de\/?attachment_id=1719'><img loading=\"lazy\" decoding=\"async\" width=\"300\" height=\"300\" src=\"https:\/\/panamericana-live.de\/wp-content\/uploads\/2015\/05\/DSC_0180-300x300.jpg\" class=\"attachment-thumbnail size-thumbnail\" alt=\"\" \/><\/a>\n\t\t\t<\/dt><\/dl><dl class='gallery-item'>\n\t\t\t<dt class='gallery-icon landscape'>\n\t\t\t\t<a href='https:\/\/panamericana-live.de\/?attachment_id=1720'><img loading=\"lazy\" decoding=\"async\" width=\"300\" height=\"300\" src=\"https:\/\/panamericana-live.de\/wp-content\/uploads\/2015\/05\/DSC_0182-300x300.jpg\" class=\"attachment-thumbnail size-thumbnail\" alt=\"\" \/><\/a>\n\t\t\t<\/dt><\/dl><dl class='gallery-item'>\n\t\t\t<dt class='gallery-icon landscape'>\n\t\t\t\t<a href='https:\/\/panamericana-live.de\/?attachment_id=1721'><img loading=\"lazy\" decoding=\"async\" width=\"300\" height=\"300\" src=\"https:\/\/panamericana-live.de\/wp-content\/uploads\/2015\/05\/DSC_0209-300x300.jpg\" class=\"attachment-thumbnail size-thumbnail\" alt=\"\" \/><\/a>\n\t\t\t<\/dt><\/dl><br style=\"clear: both\" \/>\n\t\t<\/div>\n\n","protected":false},"excerpt":{"rendered":"<p>Kilometerstand Abfahrt: Granada (Nicaragua): 25.420 km Ankunft: Ca\u00f1on de Somoto (Nicaragua): 25.864 km Gesamtetappe: 444 km Wahrscheinlich ist es f\u00fcr alle, die sich im kalten Deutschland Mitte April den Fr\u00fchling herbeisehen, sehr unverst\u00e4ndlich, aber uns &hellip; <a href=\"https:\/\/panamericana-live.de\/?p=1660\">Weiterlesen<\/a><\/p>\n","protected":false},"author":2,"featured_media":0,"comment_status":"open","ping_status":"open","sticky":false,"template":"","format":"standard","meta":{"footnotes":""},"categories":[56],"tags":[25,32,31,57],"_links":{"self":[{"href":"https:\/\/panamericana-live.de\/index.php?rest_route=\/wp\/v2\/posts\/1660"}],"collection":[{"href":"https:\/\/panamericana-live.de\/index.php?rest_route=\/wp\/v2\/posts"}],"about":[{"href":"https:\/\/panamericana-live.de\/index.php?rest_route=\/wp\/v2\/types\/post"}],"author":[{"embeddable":true,"href":"https:\/\/panamericana-live.de\/index.php?rest_route=\/wp\/v2\/users\/2"}],"replies":[{"embeddable":true,"href":"https:\/\/panamericana-live.de\/index.php?rest_route=%2Fwp%2Fv2%2Fcomments&post=1660"}],"version-history":[{"count":4,"href":"https:\/\/panamericana-live.de\/index.php?rest_route=\/wp\/v2\/posts\/1660\/revisions"}],"predecessor-version":[{"id":1722,"href":"https:\/\/panamericana-live.de\/index.php?rest_route=\/wp\/v2\/posts\/1660\/revisions\/1722"}],"wp:attachment":[{"href":"https:\/\/panamericana-live.de\/index.php?rest_route=%2Fwp%2Fv2%2Fmedia&parent=1660"}],"wp:term":[{"taxonomy":"category","embeddable":true,"href":"https:\/\/panamericana-live.de\/index.php?rest_route=%2Fwp%2Fv2%2Fcategories&post=1660"},{"taxonomy":"post_tag","embeddable":true,"href":"https:\/\/panamericana-live.de\/index.php?rest_route=%2Fwp%2Fv2%2Ftags&post=1660"}],"curies":[{"name":"wp","href":"https:\/\/api.w.org\/{rel}","templated":true}]}}