{"id":1751,"date":"2015-04-20T15:36:51","date_gmt":"2015-04-20T13:36:51","guid":{"rendered":"http:\/\/panamericana-live.de\/?p=1751"},"modified":"2015-05-05T22:50:25","modified_gmt":"2015-05-05T20:50:25","slug":"mayas-wir-kommen","status":"publish","type":"post","link":"https:\/\/panamericana-live.de\/?p=1751","title":{"rendered":"Mayas \u2013 wir kommen!"},"content":{"rendered":"<p style=\"text-align: right;\"><strong>Kilometerstand<\/strong><br \/>\nAbfahrt: Antigua (Guatemala): 26.655 km<br \/>\nAnkunft: Tikal (Guatemala): 27.247 km<br \/>\nGesamtetappe: 592 km<\/p>\n<p>F\u00fcr uns ging es fr\u00fch weiter in Richtung Nord-Osten, zun\u00e4chst in den arch\u00e4ologischen Park von <em>Quirigua<\/em>. Wir kamen gegen Mittag dort an und es war wieder einmal schw\u00fcl und hei\u00df. Ein wenig widerwillig stiegen wir aus dem klimaanlagegek\u00fchlten MePa in die Hitze. Aber der wundersch\u00f6ne Park mit den alten tropischen B\u00e4umen und die uralten Stehlen und S\u00e4ulen mit ihren feinen Verzierungen zogen uns schnell in ihren Bann. Besonders beeindruckend, wenn man sich vorstellt, dass diese Bauwerke von einer Hochkultur aus einer Zeit (800 n.Chr.) stammen, als man bei uns in Europa gerade auf das fr\u00fche Mittelalter zusteuerte&#8230;<\/p>\n\n<div class='gallery'><dl class='gallery-item'>\n\t\t\t<dt class='gallery-icon landscape'>\n\t\t\t\t<a href='https:\/\/panamericana-live.de\/?attachment_id=1752'><img loading=\"lazy\" decoding=\"async\" width=\"300\" height=\"300\" src=\"https:\/\/panamericana-live.de\/wp-content\/uploads\/2015\/05\/DSC_0316-300x300.jpg\" class=\"attachment-thumbnail size-thumbnail\" alt=\"\" \/><\/a>\n\t\t\t<\/dt><\/dl><dl class='gallery-item'>\n\t\t\t<dt class='gallery-icon portrait'>\n\t\t\t\t<a href='https:\/\/panamericana-live.de\/?attachment_id=1753'><img loading=\"lazy\" decoding=\"async\" width=\"300\" height=\"300\" src=\"https:\/\/panamericana-live.de\/wp-content\/uploads\/2015\/05\/DSC_0317-300x300.jpg\" class=\"attachment-thumbnail size-thumbnail\" alt=\"\" \/><\/a>\n\t\t\t<\/dt><\/dl><dl class='gallery-item'>\n\t\t\t<dt class='gallery-icon landscape'>\n\t\t\t\t<a href='https:\/\/panamericana-live.de\/?attachment_id=1754'><img loading=\"lazy\" decoding=\"async\" width=\"300\" height=\"300\" src=\"https:\/\/panamericana-live.de\/wp-content\/uploads\/2015\/05\/DSC_0324-300x300.jpg\" class=\"attachment-thumbnail size-thumbnail\" alt=\"\" \/><\/a>\n\t\t\t<\/dt><\/dl><br style=\"clear: both\" \/><dl class='gallery-item'>\n\t\t\t<dt class='gallery-icon portrait'>\n\t\t\t\t<a href='https:\/\/panamericana-live.de\/?attachment_id=1755'><img loading=\"lazy\" decoding=\"async\" width=\"300\" height=\"300\" src=\"https:\/\/panamericana-live.de\/wp-content\/uploads\/2015\/05\/DSC_0326-300x300.jpg\" class=\"attachment-thumbnail size-thumbnail\" alt=\"\" \/><\/a>\n\t\t\t<\/dt><\/dl><dl class='gallery-item'>\n\t\t\t<dt class='gallery-icon landscape'>\n\t\t\t\t<a href='https:\/\/panamericana-live.de\/?attachment_id=1756'><img loading=\"lazy\" decoding=\"async\" width=\"300\" height=\"300\" src=\"https:\/\/panamericana-live.de\/wp-content\/uploads\/2015\/05\/DSC_0333-300x300.jpg\" class=\"attachment-thumbnail size-thumbnail\" alt=\"\" \/><\/a>\n\t\t\t<\/dt><\/dl>\n\t\t\t<br style='clear: both' \/>\n\t\t<\/div>\n\n<p>Unseren n\u00e4chsten \u00dcbernachtungsplatz fanden wir in <em>R\u00edo Dulce<\/em> am <em>Lago de Izabal<\/em>. Von dort ging es schnurgerade in den Norden an den n\u00e4chsten See, den <em>Lago Pet\u00e9n<\/em>. Der Stra\u00dfenzustand war besser als erwartet, wenn man mal von den Badewannen-gro\u00dfen und bis zu 15 cm tiefen Schlagl\u00f6chern absieht, die scheinbar aus dem Nichts auftauchen &#8211; das Licht- und Schattenspiel der Sonne mit den B\u00e4umen tat sein \u00dcbriges. Z\u00fcgig kamen wir voran und erreichten bei 37\u00b0C und praller Mittagssonne das kleine \u00d6rtchen <em>Flores<\/em> auf der Insel im <em>Lago Pet\u00e9n<\/em>. Unsere Motivation die Umgebung ausf\u00fchrlich zu erkunden war eher gering und so blieb es bei einem kurzen Rundgang &#8211; die k\u00fchle Cola und der kalte <em>Licuado de Sandia<\/em> (Wassermelonensaft) mit Blick auf den blauen See aber umso besser und so geht es frisch gest\u00e4rkt weiter in Richtung <em>Tikal<\/em>.<\/p>\n","protected":false},"excerpt":{"rendered":"<p>Kilometerstand Abfahrt: Antigua (Guatemala): 26.655 km Ankunft: Tikal (Guatemala): 27.247 km Gesamtetappe: 592 km F\u00fcr uns ging es fr\u00fch weiter in Richtung Nord-Osten, zun\u00e4chst in den arch\u00e4ologischen Park von Quirigua. Wir kamen gegen Mittag dort &hellip; <a href=\"https:\/\/panamericana-live.de\/?p=1751\">Weiterlesen<\/a><\/p>\n","protected":false},"author":2,"featured_media":0,"comment_status":"open","ping_status":"open","sticky":false,"template":"","format":"standard","meta":{"footnotes":""},"categories":[61],"tags":[25,63,27],"_links":{"self":[{"href":"https:\/\/panamericana-live.de\/index.php?rest_route=\/wp\/v2\/posts\/1751"}],"collection":[{"href":"https:\/\/panamericana-live.de\/index.php?rest_route=\/wp\/v2\/posts"}],"about":[{"href":"https:\/\/panamericana-live.de\/index.php?rest_route=\/wp\/v2\/types\/post"}],"author":[{"embeddable":true,"href":"https:\/\/panamericana-live.de\/index.php?rest_route=\/wp\/v2\/users\/2"}],"replies":[{"embeddable":true,"href":"https:\/\/panamericana-live.de\/index.php?rest_route=%2Fwp%2Fv2%2Fcomments&post=1751"}],"version-history":[{"count":1,"href":"https:\/\/panamericana-live.de\/index.php?rest_route=\/wp\/v2\/posts\/1751\/revisions"}],"predecessor-version":[{"id":1757,"href":"https:\/\/panamericana-live.de\/index.php?rest_route=\/wp\/v2\/posts\/1751\/revisions\/1757"}],"wp:attachment":[{"href":"https:\/\/panamericana-live.de\/index.php?rest_route=%2Fwp%2Fv2%2Fmedia&parent=1751"}],"wp:term":[{"taxonomy":"category","embeddable":true,"href":"https:\/\/panamericana-live.de\/index.php?rest_route=%2Fwp%2Fv2%2Fcategories&post=1751"},{"taxonomy":"post_tag","embeddable":true,"href":"https:\/\/panamericana-live.de\/index.php?rest_route=%2Fwp%2Fv2%2Ftags&post=1751"}],"curies":[{"name":"wp","href":"https:\/\/api.w.org\/{rel}","templated":true}]}}