{"id":1817,"date":"2015-04-29T12:31:23","date_gmt":"2015-04-29T10:31:23","guid":{"rendered":"http:\/\/panamericana-live.de\/?p=1817"},"modified":"2015-05-22T21:01:28","modified_gmt":"2015-05-22T19:01:28","slug":"chichen-itza-omas-und-die-sieben-neuen-weltwunder","status":"publish","type":"post","link":"https:\/\/panamericana-live.de\/?p=1817","title":{"rendered":"Chichen Itz\u00e1, Omas und die sieben neuen Weltwunder"},"content":{"rendered":"<p style=\"text-align: right;\"><strong>Kilometerstand<\/strong><br \/>\nAbfahrt: R\u00edo Lagartos (Mexiko): 28.320 km<br \/>\nAnkunft: Pist\u00e9 (Mexiko): 28.476 km<br \/>\nEtappe: 156 km<\/p>\n<p><a href=\"http:\/\/panamericana-live.de\/?attachment_id=1841\" rel=\"attachment wp-att-1841\"><img loading=\"lazy\" decoding=\"async\" class=\" size-thumbnail wp-image-1841 alignright\" src=\"http:\/\/panamericana-live.de\/wp-content\/uploads\/2015\/04\/IMG_1431-300x300.jpg\" alt=\"X'keken Cenote\" width=\"300\" height=\"300\" \/><\/a>Nach unserem Ausflug an die K\u00fcste war wieder Zeit f\u00fcr Stadt: <em>Valladolid<\/em>, ein kleines St\u00e4dtchen aus der Kolonialzeit lag auf dem Weg. Wir schlenderten \u00fcber die Hauptplaza, besichtigten die Kathedrale und a\u00dfen in einem kleinen Restaurant zu Mittag. Wir Mitteleurop\u00e4er wollten uns partout nicht an die Hitze gew\u00f6hnen, also auf zur Abk\u00fchlung im n\u00e4chsten Cenote. Der Cenote <em>X\u2019Keken<\/em> geh\u00f6rt zu den vielen H\u00f6hlen-Cenoten, die es auf der Halbinsel <em>Yucatan<\/em> gibt. Es roch etwas muffelig und an der Decke hingen und flatterten einige Flederm\u00e4use, aber das Wasser war herrlich erfrischend. Nach der Abk\u00fchlung fuhren wir weiter bis nach <em>Pist\u00e9<\/em>, um uns die Ruinen von <em>Chichen Itz\u00e1<\/em> anzusehen.<\/p>\n<p>Tats\u00e4chlich rafften wir uns abends f\u00fcr die Licht- und Tonshow noch einmal auf. Eigentlich waren wir nach dem langen Tag und der Hitze viel zu m\u00fcde, aber das Totschlag-Argument hier-kommen-wir-warscheinlich-nie-wieder-hin-die-Welt-ist-so-gro\u00df zog doch mal wieder. Am Eingang herrschte totales Durcheinander. Wo wir jetzt noch ein Ticket herbekommen w\u00fcrden, die Kassen waren geschlossen und keiner f\u00fchlte sich zust\u00e4ndig. Wir h\u00e4tten im Hotel reservieren m\u00fcssen, meinte jemand. Das war in unser \u201ePrachtunterkunft\u201c leider nicht m\u00f6glich &#8211; der Junge an der Rezeption vom <em>Pyramide Inn<\/em> wusste oder wollte es nicht. Nun ja, wir waren schon kurz vorm Umdrehen, als Axel wieder einen <em>Chichen-Itz\u00e1<\/em>-Mitarbeiter ansprach, der uns in ein B\u00fcro brachte. Dort erkl\u00e4rte uns der Verantwortliche, die Show sei kostenlos und wir d\u00fcrften auch ohne Reservierung rein (zumindest wenn nach dem Einlass der Besucher mit Reservierung noch Pl\u00e4tze frei w\u00e4ren und so w\u00fcrde es aussehen) &#8211; vorausgesetzt, sie f\u00e4nde statt. Das wisse er im Moment noch nicht &#8211; der n\u00e4chsten Wolkenbruch mit Blitz und Donner k\u00fcndigte sich bereits an. Wir reihten uns gutgelaunt in die Schlange ein und \u00fcberlegten, ob wir uns doch noch einen Plastik-Poncho kaufen sollten. Nun ja, aus der Show wurde nichts, 5 Minuten vor Beginn wurde sie abgesagt und wir machten eine Regen-Nachtwanderung zur\u00fcck zum Hotel.<\/p>\n<p><a href=\"http:\/\/panamericana-live.de\/?attachment_id=1839\" rel=\"attachment wp-att-1839\"><img loading=\"lazy\" decoding=\"async\" class=\"aligncenter size-large wp-image-1839\" src=\"http:\/\/panamericana-live.de\/wp-content\/uploads\/2015\/05\/IMG_1455-1024x222.jpg\" alt=\"Chitchen Itz\u00e1\" width=\"780\" height=\"169\" srcset=\"https:\/\/panamericana-live.de\/wp-content\/uploads\/2015\/05\/IMG_1455-1024x222.jpg 1024w, https:\/\/panamericana-live.de\/wp-content\/uploads\/2015\/05\/IMG_1455-500x108.jpg 500w\" sizes=\"(max-width: 780px) 100vw, 780px\" \/><\/a>Am n\u00e4chsten Morgen stand nun also <em>Chichen Itz\u00e1<\/em>, eins der <a href=\"http:\/\/de.wikipedia.org\/wiki\/Weltwunder#.E2.80.9EDie_neuen_7_Weltwunder.E2.80.9C\" target=\"_blank\">sieben neuen Weltwunder<\/a>, auf dem Programm. Ja, die Hauptpyramide <em>El Castillo<\/em>, der <em>Platz der 1000 S\u00e4ulen<\/em> und der riesige Ballspielplatz waren beeindruckend &#8211; und sollten es auch nach weiteren Maya-Ruinen bleiben &#8211; aber noch viel au\u00dfergew\u00f6hnlicher fanden wir die Darstellung der Totenk\u00f6pfe sowie der Jaguare und Adler, die Herzen fra\u00dfen, \u00fcbrigens an den wohl zwei unscheinbarsten Geb\u00e4ude der gesamten Anlage: der <em>Plattform der Sch\u00e4del<\/em> und der <em>Plattform der Adler und Jaguare<\/em>. Wir waren wieder mal fr\u00fch auf den Beinen, um der gr\u00f6\u00dften Hitze und den Touristen-Massen zu entgehen. Etwas abseits der gro\u00dfen und l\u00e4rmenden Gruppen entdeckten wir sogar drei <em>Pajar\u00f3 Toh<\/em> &#8211; blau-t\u00fcrkise V\u00f6gel mit einer sehr langen, abgesetzten Schwanzfeder, unglaublich scheu aber wundersch\u00f6n! Als wir uns in Richtung Ausgang bewegten, hatten die Souvenirh\u00e4ndler ihre St\u00e4nde aufgebaut. \u00dcbrigens nicht nur vor dem Eingang, wie man vielleicht denken k\u00f6nnte, sondern entlang fast aller meisten Wege innerhalb des arch\u00e4ologischen Parks, was neben den (teilweise) perfekt restaurierten Ruinen eine <em>Disneyland<\/em>-\u00e4hnliche Atmosph\u00e4re aufkommen lie\u00df&#8230; A propros, wir sahen tats\u00e4chlich eine nicht-mexikanische Oma im Rollstuhl, die \u00fcber die holprigen Wege gesch\u00fcttelt wurde &#8211; ganz wie es der Lonely Planet in seiner Einleitung angek\u00fcndigt hatte&#8230;<\/p>\n<p><a href=\"http:\/\/panamericana-live.de\/?attachment_id=1838\" rel=\"attachment wp-att-1838\"><img loading=\"lazy\" decoding=\"async\" class=\"aligncenter size-large wp-image-1838\" src=\"http:\/\/panamericana-live.de\/wp-content\/uploads\/2015\/05\/DSC_0933cut-1024x358.jpg\" alt=\"Shopping...\" width=\"780\" height=\"273\" srcset=\"https:\/\/panamericana-live.de\/wp-content\/uploads\/2015\/05\/DSC_0933cut-1024x358.jpg 1024w, https:\/\/panamericana-live.de\/wp-content\/uploads\/2015\/05\/DSC_0933cut-500x175.jpg 500w\" sizes=\"(max-width: 780px) 100vw, 780px\" \/><\/a>Bei unserer R\u00fcckkehr war der riesige Parkplatz rappelvoll. Eigentlich kein Wunder, die Menschenmassen m\u00fcssen ja irgendwie herkommen. Neben dem MePa parkte ein weiterer Fiat Ducato, ausgebaut als Bus f\u00fcr kleine Reisegruppen &#8211; f\u00fcr uns der erste seit Wochen. Der dazugeh\u00f6rige Fahrer war ganz neugierig, wollte uns unbedingt seinen Kleinbus von innen zeigen, um nat\u00fcrlich anschlie\u00dfend einen Blick ins MePa werfen zu k\u00f6nnen. Herzlich gerne!<\/p>\n\n<div class='gallery'><dl class='gallery-item'>\n\t\t\t<dt class='gallery-icon landscape'>\n\t\t\t\t<a href='https:\/\/panamericana-live.de\/?attachment_id=1830'><img loading=\"lazy\" decoding=\"async\" width=\"300\" height=\"300\" src=\"https:\/\/panamericana-live.de\/wp-content\/uploads\/2015\/05\/DSC_0852-300x300.jpg\" class=\"attachment-thumbnail size-thumbnail\" alt=\"\" \/><\/a>\n\t\t\t<\/dt><\/dl><dl class='gallery-item'>\n\t\t\t<dt class='gallery-icon landscape'>\n\t\t\t\t<a href='https:\/\/panamericana-live.de\/?attachment_id=1832'><img loading=\"lazy\" decoding=\"async\" width=\"300\" height=\"300\" src=\"https:\/\/panamericana-live.de\/wp-content\/uploads\/2015\/05\/DSC_0879-300x300.jpg\" class=\"attachment-thumbnail size-thumbnail\" alt=\"\" \/><\/a>\n\t\t\t<\/dt><\/dl><dl class='gallery-item'>\n\t\t\t<dt class='gallery-icon portrait'>\n\t\t\t\t<a href='https:\/\/panamericana-live.de\/?attachment_id=1833'><img loading=\"lazy\" decoding=\"async\" width=\"300\" height=\"300\" src=\"https:\/\/panamericana-live.de\/wp-content\/uploads\/2015\/05\/DSC_0887-300x300.jpg\" class=\"attachment-thumbnail size-thumbnail\" alt=\"\" \/><\/a>\n\t\t\t<\/dt><\/dl><br style=\"clear: both\" \/><dl class='gallery-item'>\n\t\t\t<dt class='gallery-icon landscape'>\n\t\t\t\t<a href='https:\/\/panamericana-live.de\/?attachment_id=1835'><img loading=\"lazy\" decoding=\"async\" width=\"300\" height=\"300\" src=\"https:\/\/panamericana-live.de\/wp-content\/uploads\/2015\/05\/DSC_0893-300x300.jpg\" class=\"attachment-thumbnail size-thumbnail\" alt=\"\" \/><\/a>\n\t\t\t<\/dt><\/dl><dl class='gallery-item'>\n\t\t\t<dt class='gallery-icon landscape'>\n\t\t\t\t<a href='https:\/\/panamericana-live.de\/?attachment_id=1837'><img loading=\"lazy\" decoding=\"async\" width=\"300\" height=\"300\" src=\"https:\/\/panamericana-live.de\/wp-content\/uploads\/2015\/05\/DSC_0921-300x300.jpg\" class=\"attachment-thumbnail size-thumbnail\" alt=\"\" \/><\/a>\n\t\t\t<\/dt><\/dl>\n\t\t\t<br style='clear: both' \/>\n\t\t<\/div>\n\n","protected":false},"excerpt":{"rendered":"<p>Kilometerstand Abfahrt: R\u00edo Lagartos (Mexiko): 28.320 km Ankunft: Pist\u00e9 (Mexiko): 28.476 km Etappe: 156 km Nach unserem Ausflug an die K\u00fcste war wieder Zeit f\u00fcr Stadt: Valladolid, ein kleines St\u00e4dtchen aus der Kolonialzeit lag auf &hellip; <a href=\"https:\/\/panamericana-live.de\/?p=1817\">Weiterlesen<\/a><\/p>\n","protected":false},"author":3,"featured_media":0,"comment_status":"open","ping_status":"open","sticky":false,"template":"","format":"standard","meta":{"footnotes":""},"categories":[67],"tags":[68,26,27],"_links":{"self":[{"href":"https:\/\/panamericana-live.de\/index.php?rest_route=\/wp\/v2\/posts\/1817"}],"collection":[{"href":"https:\/\/panamericana-live.de\/index.php?rest_route=\/wp\/v2\/posts"}],"about":[{"href":"https:\/\/panamericana-live.de\/index.php?rest_route=\/wp\/v2\/types\/post"}],"author":[{"embeddable":true,"href":"https:\/\/panamericana-live.de\/index.php?rest_route=\/wp\/v2\/users\/3"}],"replies":[{"embeddable":true,"href":"https:\/\/panamericana-live.de\/index.php?rest_route=%2Fwp%2Fv2%2Fcomments&post=1817"}],"version-history":[{"count":5,"href":"https:\/\/panamericana-live.de\/index.php?rest_route=\/wp\/v2\/posts\/1817\/revisions"}],"predecessor-version":[{"id":1843,"href":"https:\/\/panamericana-live.de\/index.php?rest_route=\/wp\/v2\/posts\/1817\/revisions\/1843"}],"wp:attachment":[{"href":"https:\/\/panamericana-live.de\/index.php?rest_route=%2Fwp%2Fv2%2Fmedia&parent=1817"}],"wp:term":[{"taxonomy":"category","embeddable":true,"href":"https:\/\/panamericana-live.de\/index.php?rest_route=%2Fwp%2Fv2%2Fcategories&post=1817"},{"taxonomy":"post_tag","embeddable":true,"href":"https:\/\/panamericana-live.de\/index.php?rest_route=%2Fwp%2Fv2%2Ftags&post=1817"}],"curies":[{"name":"wp","href":"https:\/\/api.w.org\/{rel}","templated":true}]}}