{"id":2166,"date":"2015-07-03T22:18:32","date_gmt":"2015-07-03T20:18:32","guid":{"rendered":"http:\/\/panamericana-live.de\/?p=2166"},"modified":"2015-07-12T02:43:46","modified_gmt":"2015-07-12T00:43:46","slug":"ein-elch-zwei-elche-drei-elche-viele-elche-moose-glueck-auf-gaspesie","status":"publish","type":"post","link":"https:\/\/panamericana-live.de\/?p=2166","title":{"rendered":"Ein Elch, zwei Elche, drei Elche \u2013 viele Elche! Moose-Gl\u00fcck auf Gasp\u00e9sie"},"content":{"rendered":"<p style=\"text-align: right;\"><strong>Kilometerstand<\/strong><br \/>\nAbfahrt: Matane (Kanada): 39.282 km<br \/>\nAnkunft: Phare Cap Madeleine (Kanada): 39.584 km<br \/>\nGesamtetappe: 302 km<\/p>\n<p>Bevor wir am n\u00e4chsten Morgen in Richtung Nationalpark aufbrechen konnten, \u201edurften\u201c wir einen kleinen Blick in das kanadische Gesundheitssystem werfen. Axels Inlay, das wir nun seit Chile und Peru schon kennen \ud83d\ude09 , war wieder herausgefallen&#8230; Kann ja nicht so schlimm sein, schlie\u00dflich sind wir in Kanada, dachten wir uns. Also los! Unser Elan wurde schnell gebremst, die Kurzfassung aller vier Praxen in <em>Matane<\/em> (eine von ihnen hatte geschlossen) war ungef\u00e4hr so: wir nehmen keine neuen Patienten auf &#8211; nein, auch nicht nur einmal &#8211; wir sind voll &#8211; nein, Sie brauchen nicht zu warten. Tja, das ist in S\u00fcdamerika aber anders gelaufen&#8230;<\/p>\n<p>\u00dcber <em>Sainte-Anne-des-Montts<\/em> steuerten wir den <em>Nationalpark Gasp\u00e9sie<\/em> an. Hier beginnen bzw. enden die Appalachen, die wir bereits in den USA auf dem <em>Blue Ridge Parkway<\/em> bereist hatten. Im Besucherzentrum wurden uns zwei Hikes empfohlen, den Hike um und \u00fcber den <em>Mont-Ernest-Laforce<\/em> wollten wir bereits am Nachmittag laufen. Die Rangerin erkl\u00e4rte, bei dem schlechten Wetter seien die Chancen auf Wildtiersicht recht gut. Das konnten wir uns mitten am Tag zwar schlecht vorstellen, mal sehen!<\/p>\n<p>\u00dcber eine Schotterpiste erreichten wir den Parkplatz und machten uns in Regenkleidung eingepackt auf den Weg. Der Nieselregen st\u00f6rte uns nicht, vielleicht braucht man als Mitteleurop\u00e4er auch ein gewisses Ma\u00df an \u201ek\u00fchlem\u201c Schlechtwetter, um sich wohlzuf\u00fchlen \ud83d\ude09 !? Dann wurde der Regen immer st\u00e4rker und es wurde trotz der sch\u00f6nen Landschaft ungem\u00fctlich. Und wo waren bittesch\u00f6n die \u201eversprochenen\u201c Elche??<\/p>\n<p>Pl\u00f6tzlich raschelte es und 20 Meter oberhalb des Wegs kam ein kleines Elchkalb aus dem Geb\u00fcsch. Wie niedlich! Dann wieder Rascheln und die Mutter-Elchkuh erschien. Wow, zwar zugegeben mit ihrem strubbeligen Fell nicht das sch\u00f6nste Tier, aber beeindruckend gro\u00df! Antonia fotografierte, die kanadischen M\u00e4dels einige Meter hinter uns schienen auch ganz aus dem H\u00e4uschen zu sein. Nach einiger Zeit legten sich Elchkuh und -kalb ins Gras und verschwanden damit weitestgehend aus unserer Sicht, sodass wir unsere Wanderung fortsetzen. Das n\u00e4chste Elcherlebnis kam aber schon nach wenigen Minuten. Von einem Aussichtspunkt konnte man hervorragend in die T\u00e4ler und Lichtungen sehen, wo die n\u00e4chste Elchkuh mit Jungem stand. Ja, die Frau im Besucherzentrum hatte ins Schwarze getroffen.<\/p>\n<p>Auf dem \u201eR\u00fcckweg\u201c unseres Rundwegs trafen wir die beiden Kanadierinnen wieder, die sich fl\u00fcsternd und ganz langsam auf dem Weg bewegten. Den Grund erkannten wir schnell: Elchdame Nr. 3 stand ebenfalls mit Kalb nur f\u00fcnf Meter neben dem Trail im Gras. F\u00fcr uns in unserer knallbunten Regenkleidung interessierte sie sich nicht, sondern legte sich in aller Seelenruhe ins Gras. Auf dem letzten St\u00fcck zum Auto sch\u00fcttete es leider wieder und h\u00f6rte auch nicht auf zu regnen. Daf\u00fcr wurde die Flasche des gro\u00dfartigen chilenischen <em>Coyam<\/em>, den wir vor Monaten von <em>Noelia<\/em> geschenkt bekommen hatte, zur Feier des Elch-Tages am Abend endlich ge\u00f6ffnet!<\/p>\n\n<div class='gallery'><dl class='gallery-item'>\n\t\t\t<dt class='gallery-icon landscape'>\n\t\t\t\t<a href='https:\/\/panamericana-live.de\/?attachment_id=2178'><img loading=\"lazy\" decoding=\"async\" width=\"300\" height=\"300\" src=\"https:\/\/panamericana-live.de\/wp-content\/uploads\/2015\/07\/DSC_0164-300x300.jpg\" class=\"attachment-thumbnail size-thumbnail\" alt=\"\" \/><\/a>\n\t\t\t<\/dt><\/dl><dl class='gallery-item'>\n\t\t\t<dt class='gallery-icon landscape'>\n\t\t\t\t<a href='https:\/\/panamericana-live.de\/?attachment_id=2179'><img loading=\"lazy\" decoding=\"async\" width=\"300\" height=\"300\" src=\"https:\/\/panamericana-live.de\/wp-content\/uploads\/2015\/07\/DSC_0174-300x300.jpg\" class=\"attachment-thumbnail size-thumbnail\" alt=\"\" \/><\/a>\n\t\t\t<\/dt><\/dl><dl class='gallery-item'>\n\t\t\t<dt class='gallery-icon landscape'>\n\t\t\t\t<a href='https:\/\/panamericana-live.de\/?attachment_id=2180'><img loading=\"lazy\" decoding=\"async\" width=\"300\" height=\"300\" src=\"https:\/\/panamericana-live.de\/wp-content\/uploads\/2015\/07\/DSC_0214cut-300x300.jpg\" class=\"attachment-thumbnail size-thumbnail\" alt=\"\" \/><\/a>\n\t\t\t<\/dt><\/dl><br style=\"clear: both\" \/><dl class='gallery-item'>\n\t\t\t<dt class='gallery-icon landscape'>\n\t\t\t\t<a href='https:\/\/panamericana-live.de\/?attachment_id=2181'><img loading=\"lazy\" decoding=\"async\" width=\"300\" height=\"300\" src=\"https:\/\/panamericana-live.de\/wp-content\/uploads\/2015\/07\/DSC_0227-300x300.jpg\" class=\"attachment-thumbnail size-thumbnail\" alt=\"\" \/><\/a>\n\t\t\t<\/dt><\/dl><dl class='gallery-item'>\n\t\t\t<dt class='gallery-icon landscape'>\n\t\t\t\t<a href='https:\/\/panamericana-live.de\/?attachment_id=2182'><img loading=\"lazy\" decoding=\"async\" width=\"300\" height=\"300\" src=\"https:\/\/panamericana-live.de\/wp-content\/uploads\/2015\/07\/DSC_0245-300x300.jpg\" class=\"attachment-thumbnail size-thumbnail\" alt=\"\" \/><\/a>\n\t\t\t<\/dt><\/dl><dl class='gallery-item'>\n\t\t\t<dt class='gallery-icon landscape'>\n\t\t\t\t<a href='https:\/\/panamericana-live.de\/?attachment_id=2183'><img loading=\"lazy\" decoding=\"async\" width=\"300\" height=\"300\" src=\"https:\/\/panamericana-live.de\/wp-content\/uploads\/2015\/07\/DSC_0259-300x300.jpg\" class=\"attachment-thumbnail size-thumbnail\" alt=\"\" \/><\/a>\n\t\t\t<\/dt><\/dl><br style=\"clear: both\" \/>\n\t\t<\/div>\n\n<p>Den zweiten Tag im <em>Nationalpark Gasp\u00e9sie<\/em> gingen wir wieder wandern. W\u00e4hrend der Trail am Vortag familienfreundlich geschottert war, wurde es auf dem Weg zum <em>Pic Br\u00fbl\u00e9<\/em> und <em>Mont Ernest-Menard<\/em> nun schlammig&#8230; Nachdem es bereits am Vortag und in der Nacht ordentlich geregnet hatte, regnete es die n\u00e4chsten vier einhalb Stunden unserer f\u00fcnf Stunden-Wanderung einfach weiter. Grund f\u00fcr schlechte Laune? Nein, die Landschaft war trotz Wolken und Nebel toll, nur sehr anstrengend war\u2019s, weil wir auf den 15 km und ca. 600 H\u00f6henmetern hoch und runter keine Pause machen konnten und leider etwas M\u00fcsliriegel-unterversorgt waren. Die hei\u00dfe Dusche auf dem Campingplatz tat unseren m\u00fcden Knochen daf\u00fcr umso besser und nach dem Mittagessen ging es zur\u00fcck an die K\u00fcste. Hier war das Wetter deutlich besser und wir fuhren noch einige Kilometer an der sch\u00f6nen K\u00fcste entlang bis wir am <em>Cap Madeleine<\/em> einen Stellplatz f\u00fcr die Nacht fanden: ganz alleine und direkt unter dem Leuchtturm bei fantastischer Aussicht.<\/p>\n\n<div class='gallery'><dl class='gallery-item'>\n\t\t\t<dt class='gallery-icon landscape'>\n\t\t\t\t<a href='https:\/\/panamericana-live.de\/?attachment_id=2185'><img loading=\"lazy\" decoding=\"async\" width=\"300\" height=\"300\" src=\"https:\/\/panamericana-live.de\/wp-content\/uploads\/2015\/07\/DSC_0264-300x300.jpg\" class=\"attachment-thumbnail size-thumbnail\" alt=\"\" \/><\/a>\n\t\t\t<\/dt><\/dl><dl class='gallery-item'>\n\t\t\t<dt class='gallery-icon landscape'>\n\t\t\t\t<a href='https:\/\/panamericana-live.de\/?attachment_id=2186'><img loading=\"lazy\" decoding=\"async\" width=\"300\" height=\"300\" src=\"https:\/\/panamericana-live.de\/wp-content\/uploads\/2015\/07\/DSC_0270-300x300.jpg\" class=\"attachment-thumbnail size-thumbnail\" alt=\"\" \/><\/a>\n\t\t\t<\/dt><\/dl><dl class='gallery-item'>\n\t\t\t<dt class='gallery-icon landscape'>\n\t\t\t\t<a href='https:\/\/panamericana-live.de\/?attachment_id=2184'><img loading=\"lazy\" decoding=\"async\" width=\"300\" height=\"300\" src=\"https:\/\/panamericana-live.de\/wp-content\/uploads\/2015\/07\/DSC_0262-300x300.jpg\" class=\"attachment-thumbnail size-thumbnail\" alt=\"\" \/><\/a>\n\t\t\t<\/dt><\/dl><br style=\"clear: both\" \/>\n\t\t<\/div>\n\n","protected":false},"excerpt":{"rendered":"<p>Kilometerstand Abfahrt: Matane (Kanada): 39.282 km Ankunft: Phare Cap Madeleine (Kanada): 39.584 km Gesamtetappe: 302 km Bevor wir am n\u00e4chsten Morgen in Richtung Nationalpark aufbrechen konnten, \u201edurften\u201c wir einen kleinen Blick in das kanadische Gesundheitssystem &hellip; <a href=\"https:\/\/panamericana-live.de\/?p=2166\">Weiterlesen<\/a><\/p>\n","protected":false},"author":2,"featured_media":0,"comment_status":"open","ping_status":"open","sticky":false,"template":"","format":"standard","meta":{"footnotes":""},"categories":[73],"tags":[39,25,6,31,72],"_links":{"self":[{"href":"https:\/\/panamericana-live.de\/index.php?rest_route=\/wp\/v2\/posts\/2166"}],"collection":[{"href":"https:\/\/panamericana-live.de\/index.php?rest_route=\/wp\/v2\/posts"}],"about":[{"href":"https:\/\/panamericana-live.de\/index.php?rest_route=\/wp\/v2\/types\/post"}],"author":[{"embeddable":true,"href":"https:\/\/panamericana-live.de\/index.php?rest_route=\/wp\/v2\/users\/2"}],"replies":[{"embeddable":true,"href":"https:\/\/panamericana-live.de\/index.php?rest_route=%2Fwp%2Fv2%2Fcomments&post=2166"}],"version-history":[{"count":2,"href":"https:\/\/panamericana-live.de\/index.php?rest_route=\/wp\/v2\/posts\/2166\/revisions"}],"predecessor-version":[{"id":2187,"href":"https:\/\/panamericana-live.de\/index.php?rest_route=\/wp\/v2\/posts\/2166\/revisions\/2187"}],"wp:attachment":[{"href":"https:\/\/panamericana-live.de\/index.php?rest_route=%2Fwp%2Fv2%2Fmedia&parent=2166"}],"wp:term":[{"taxonomy":"category","embeddable":true,"href":"https:\/\/panamericana-live.de\/index.php?rest_route=%2Fwp%2Fv2%2Fcategories&post=2166"},{"taxonomy":"post_tag","embeddable":true,"href":"https:\/\/panamericana-live.de\/index.php?rest_route=%2Fwp%2Fv2%2Ftags&post=2166"}],"curies":[{"name":"wp","href":"https:\/\/api.w.org\/{rel}","templated":true}]}}