{"id":740,"date":"2014-11-22T21:17:32","date_gmt":"2014-11-22T19:17:32","guid":{"rendered":"http:\/\/panamericana-live.de\/?p=740"},"modified":"2014-12-10T18:56:49","modified_gmt":"2014-12-10T16:56:49","slug":"vina-emiliana-die-zweite","status":"publish","type":"post","link":"https:\/\/panamericana-live.de\/?p=740","title":{"rendered":"Vi\u00f1a Emiliana, die zweite"},"content":{"rendered":"<p style=\"text-align: right;\"><strong>Kilometerstand<\/strong><br \/>\nAnfang: Shell, RN 68 (Chile): 9.959 km<br \/>\nAnkunft: Quintay (Chile): 10.099 km<br \/>\nEtappe: 140 km<\/p>\n<p>Nachdem unser spontaner Besuch in der <em>Vi\u00f1a Emiliana<\/em> im <em>Valle de Colchagua<\/em> so sch\u00f6n gewesen war, wollten wir noch eine &#8222;richtige&#8220; Besichtigung bei <em>Emiliana<\/em> unternehmen. Also ab ins <em>Valle Casablanca<\/em>, nachdem wir am Abend vorher noch schnell eine Mail mit der Anmeldung abgeschickt hatten. Dort angekommen fragte der Mitarbeiter nach dem Namen und kommentierte &#8222;ach, ihr seid die mit der Mail gestern um 23h&#8220;, aber dennoch war alles gar kein Problem. Die F\u00fchrung war bilingual, spanisch und englisch, perfekt erg\u00e4nzend \ud83d\ude42 ! Wir besichtigten den Weinberg, auch hier bl\u00fchte es zwischen den Reben. Zudem liefen H\u00fchner frei herum und in einem Gehege standen Alpacas &#8211; und ein ganz besonders cooles Exemplar, siehe Foto!!! Die anschlie\u00dfende Weinprobe war entspannt, zu unserem Reserva <em>Coyam<\/em> gesellte sich ein <em>Novas<\/em> (Cabernet Sauvignon).<\/p>\n\n<div class='gallery'><dl class='gallery-item'>\n\t\t\t<dt class='gallery-icon landscape'>\n\t\t\t\t<a href='https:\/\/panamericana-live.de\/?attachment_id=774'><img loading=\"lazy\" decoding=\"async\" width=\"300\" height=\"300\" src=\"https:\/\/panamericana-live.de\/wp-content\/uploads\/2014\/12\/DSC_0437-300x300.jpg\" class=\"attachment-thumbnail size-thumbnail\" alt=\"\" \/><\/a>\n\t\t\t<\/dt><\/dl><dl class='gallery-item'>\n\t\t\t<dt class='gallery-icon landscape'>\n\t\t\t\t<a href='https:\/\/panamericana-live.de\/?attachment_id=775'><img loading=\"lazy\" decoding=\"async\" width=\"300\" height=\"300\" src=\"https:\/\/panamericana-live.de\/wp-content\/uploads\/2014\/12\/DSC_0438-300x300.jpg\" class=\"attachment-thumbnail size-thumbnail\" alt=\"\" \/><\/a>\n\t\t\t<\/dt><\/dl><dl class='gallery-item'>\n\t\t\t<dt class='gallery-icon landscape'>\n\t\t\t\t<a href='https:\/\/panamericana-live.de\/?attachment_id=776'><img loading=\"lazy\" decoding=\"async\" width=\"300\" height=\"300\" src=\"https:\/\/panamericana-live.de\/wp-content\/uploads\/2014\/12\/DSC_0449-300x300.jpg\" class=\"attachment-thumbnail size-thumbnail\" alt=\"\" \/><\/a>\n\t\t\t<\/dt><\/dl><br style=\"clear: both\" \/>\n\t\t<\/div>\n\n<p>Wir wollten weiter in Richtung Westen zur <em>Isla Negra<\/em>, um eines der drei H\u00e4user von <a title=\"Wikipedia: Pablo Neruda\" href=\"http:\/\/de.wikipedia.org\/wiki\/Pablo_Neruda\" target=\"_blank\"><em>Pablo Neruda<\/em><\/a> (chilenischer Literaturnobelpreistr\u00e4ger) zu besichtigen. Leider war dies f\u00fcr Einzelreisende ausgerechnet an diesem Tag nicht m\u00f6glich, aber der Garten war offen und wir konnten einen Teil des von Neruda gesammelten &#8222;Krams&#8220; sehen.<\/p>\n\n<div class='gallery'><dl class='gallery-item'>\n\t\t\t<dt class='gallery-icon landscape'>\n\t\t\t\t<a href='https:\/\/panamericana-live.de\/?attachment_id=777'><img loading=\"lazy\" decoding=\"async\" width=\"300\" height=\"300\" src=\"https:\/\/panamericana-live.de\/wp-content\/uploads\/2014\/12\/DSC_0468-300x300.jpg\" class=\"attachment-thumbnail size-thumbnail\" alt=\"\" \/><\/a>\n\t\t\t<\/dt><\/dl><dl class='gallery-item'>\n\t\t\t<dt class='gallery-icon landscape'>\n\t\t\t\t<a href='https:\/\/panamericana-live.de\/?attachment_id=778'><img loading=\"lazy\" decoding=\"async\" width=\"300\" height=\"300\" src=\"https:\/\/panamericana-live.de\/wp-content\/uploads\/2014\/12\/DSC_0476-300x300.jpg\" class=\"attachment-thumbnail size-thumbnail\" alt=\"\" \/><\/a>\n\t\t\t<\/dt><\/dl><dl class='gallery-item'>\n\t\t\t<dt class='gallery-icon landscape'>\n\t\t\t\t<a href='https:\/\/panamericana-live.de\/?attachment_id=779'><img loading=\"lazy\" decoding=\"async\" width=\"300\" height=\"300\" src=\"https:\/\/panamericana-live.de\/wp-content\/uploads\/2014\/12\/DSC_0482-300x300.jpg\" class=\"attachment-thumbnail size-thumbnail\" alt=\"\" \/><\/a>\n\t\t\t<\/dt><\/dl><br style=\"clear: both\" \/><dl class='gallery-item'>\n\t\t\t<dt class='gallery-icon landscape'>\n\t\t\t\t<a href='https:\/\/panamericana-live.de\/?attachment_id=780'><img loading=\"lazy\" decoding=\"async\" width=\"300\" height=\"300\" src=\"https:\/\/panamericana-live.de\/wp-content\/uploads\/2014\/12\/DSC_0490-300x300.jpg\" class=\"attachment-thumbnail size-thumbnail\" alt=\"\" \/><\/a>\n\t\t\t<\/dt><\/dl>\n\t\t\t<br style='clear: both' \/>\n\t\t<\/div>\n\n<p><a href=\"http:\/\/panamericana-live.de\/?attachment_id=781\" rel=\"attachment wp-att-781\"><img loading=\"lazy\" decoding=\"async\" class=\"alignright size-thumbnail wp-image-781\" src=\"http:\/\/panamericana-live.de\/wp-content\/uploads\/2014\/12\/DSC_0493-300x300.jpg\" alt=\"DSC_0493\" width=\"300\" height=\"300\" \/><\/a>\u00dcbernachtet wurde in <em>Quintay<\/em>, einem kleinen Fischer\u00f6rtchen s\u00fcdlich von <em>Valpara\u00edso<\/em>. Wir standen direkt am Hafen auf einem &#8222;bewachten&#8220; Parkplatz, durften dort aber f\u00fcr 2.000 CLP \u00fcber Nacht unbewacht bleiben.<\/p>\n<p>P.S. Heute haben wir die ersten 10.000 km auf unserer Tour entlang der Panamericana geknackt! \ud83d\ude2f<\/p>\n","protected":false},"excerpt":{"rendered":"<p>Kilometerstand Anfang: Shell, RN 68 (Chile): 9.959 km Ankunft: Quintay (Chile): 10.099 km Etappe: 140 km Nachdem unser spontaner Besuch in der Vi\u00f1a Emiliana im Valle de Colchagua so sch\u00f6n gewesen war, wollten wir noch &hellip; <a href=\"https:\/\/panamericana-live.de\/?p=740\">Weiterlesen<\/a><\/p>\n","protected":false},"author":2,"featured_media":0,"comment_status":"open","ping_status":"open","sticky":false,"template":"","format":"standard","meta":{"footnotes":""},"categories":[3],"tags":[75,26,36],"_links":{"self":[{"href":"https:\/\/panamericana-live.de\/index.php?rest_route=\/wp\/v2\/posts\/740"}],"collection":[{"href":"https:\/\/panamericana-live.de\/index.php?rest_route=\/wp\/v2\/posts"}],"about":[{"href":"https:\/\/panamericana-live.de\/index.php?rest_route=\/wp\/v2\/types\/post"}],"author":[{"embeddable":true,"href":"https:\/\/panamericana-live.de\/index.php?rest_route=\/wp\/v2\/users\/2"}],"replies":[{"embeddable":true,"href":"https:\/\/panamericana-live.de\/index.php?rest_route=%2Fwp%2Fv2%2Fcomments&post=740"}],"version-history":[{"count":7,"href":"https:\/\/panamericana-live.de\/index.php?rest_route=\/wp\/v2\/posts\/740\/revisions"}],"predecessor-version":[{"id":841,"href":"https:\/\/panamericana-live.de\/index.php?rest_route=\/wp\/v2\/posts\/740\/revisions\/841"}],"wp:attachment":[{"href":"https:\/\/panamericana-live.de\/index.php?rest_route=%2Fwp%2Fv2%2Fmedia&parent=740"}],"wp:term":[{"taxonomy":"category","embeddable":true,"href":"https:\/\/panamericana-live.de\/index.php?rest_route=%2Fwp%2Fv2%2Fcategories&post=740"},{"taxonomy":"post_tag","embeddable":true,"href":"https:\/\/panamericana-live.de\/index.php?rest_route=%2Fwp%2Fv2%2Ftags&post=740"}],"curies":[{"name":"wp","href":"https:\/\/api.w.org\/{rel}","templated":true}]}}