{"id":918,"date":"2014-12-13T20:00:07","date_gmt":"2014-12-13T18:00:07","guid":{"rendered":"http:\/\/panamericana-live.de\/?p=918"},"modified":"2014-12-27T04:58:09","modified_gmt":"2014-12-27T02:58:09","slug":"la-paz","status":"publish","type":"post","link":"https:\/\/panamericana-live.de\/?p=918","title":{"rendered":"La Paz"},"content":{"rendered":"<p>Mit gemischten Gef\u00fchlen fuhren wir nach <em>La Paz<\/em>. Auf der einen Seite waren wir neugierig und freuten uns aus DEN\u00a0Overlander-Treffpunkt auf dem schweizer Camping Oberland, auf der anderen Seite hatten wir Respekt. Mit dem eigenen Auto in einem Entwicklungsland zu reisen ist doch anders als mit dem Rucksack.<\/p>\n<p>In <em>Mallassa<\/em>, einem Vorort von <em>La Paz<\/em>, auf den Camping angekommen, stellten wir erst einmal fest, dass au\u00dfer uns gar niemand da war&#8230; Mmh, scheinbar waren die Langzeit-S\u00fcdamerika-Traveller auf dem Weg nach <em>Ushuaia<\/em> zum Silvestertreffen. Auch nicht schlimm. Am n\u00e4chsten Tag ging es per Minibus (warum die gr\u00f6\u00dferen Busse &#8222;Microbusse&#8220; hei\u00dfen, haben wir immer noch nicht verstanden) in das Stadtzentrum. Ja, die Stra\u00dfen waren tats\u00e4chlich voll und es ging chaotisch zu, aber im gro\u00dfem und ganzen war es deutlich geordneter und ruhiger als wir erwartet h\u00e4tten. Wir schlenderten durch die Stra\u00dfen, der im Reisef\u00fchrer vorgeschlagene Stadtspaziergang war gut zu machen &#8211; nur hin und wieder war eine Verschnaufpause n\u00f6tig &#8211; die Luft war doch merkbar d\u00fcnn. Schnell packte die Stadt uns mit ihren scheinbar in vollem Einklang nebeneinander existierenden Gegens\u00e4tzen: kolonialzeitliche Geb\u00e4ude hier, moderne B\u00fcrogeb\u00e4ude dort, \u00fcberall traditionell gekleidete Aymara-Frauen mit kleinen Verkaufsst\u00e4nden von S\u00fc\u00dfigkeiten \u00fcber Obst und Gem\u00fcse bis hin zu kitschiger Weihnachtsdeko, dann die nagelneue Seilbahn <em>Telef\u00e9rico<\/em> oder das Verkehrschaos in den Stra\u00dfen mit allgemeinem Dr\u00e4ngeln und Hupen&#8230;\u00a0Zufrieden machten wir uns auf den Heimweg, der deutlich l\u00e4nger dauerte als gedacht. Wir warteten und warteten und warteten auf einen Minibus mit der Aufschrift &#8222;Mallassa&#8220;, aber sowohl laut Touri-Info als auch Polizist standen wir an der richtigen Stelle. Es fuhren halt an dieser Stelle nur wenige durchg\u00e4ngige Bus nach <em>Mallassa.<\/em><\/p>\n\n<div class='gallery'><dl class='gallery-item'>\n\t\t\t<dt class='gallery-icon landscape'>\n\t\t\t\t<a href='https:\/\/panamericana-live.de\/?attachment_id=951'><img loading=\"lazy\" decoding=\"async\" width=\"300\" height=\"300\" src=\"https:\/\/panamericana-live.de\/wp-content\/uploads\/2014\/12\/DSC_2400-300x300.jpg\" class=\"attachment-thumbnail size-thumbnail\" alt=\"\" \/><\/a>\n\t\t\t<\/dt><\/dl><dl class='gallery-item'>\n\t\t\t<dt class='gallery-icon portrait'>\n\t\t\t\t<a href='https:\/\/panamericana-live.de\/?attachment_id=952'><img loading=\"lazy\" decoding=\"async\" width=\"300\" height=\"300\" src=\"https:\/\/panamericana-live.de\/wp-content\/uploads\/2014\/12\/DSC_2402-300x300.jpg\" class=\"attachment-thumbnail size-thumbnail\" alt=\"\" \/><\/a>\n\t\t\t<\/dt><\/dl><dl class='gallery-item'>\n\t\t\t<dt class='gallery-icon landscape'>\n\t\t\t\t<a href='https:\/\/panamericana-live.de\/?attachment_id=950'><img loading=\"lazy\" decoding=\"async\" width=\"300\" height=\"300\" src=\"https:\/\/panamericana-live.de\/wp-content\/uploads\/2014\/12\/DSC_2389-300x300.jpg\" class=\"attachment-thumbnail size-thumbnail\" alt=\"\" \/><\/a>\n\t\t\t<\/dt><\/dl><br style=\"clear: both\" \/><dl class='gallery-item'>\n\t\t\t<dt class='gallery-icon landscape'>\n\t\t\t\t<a href='https:\/\/panamericana-live.de\/?attachment_id=949'><img loading=\"lazy\" decoding=\"async\" width=\"300\" height=\"300\" src=\"https:\/\/panamericana-live.de\/wp-content\/uploads\/2014\/12\/DSC_2387-300x300.jpg\" class=\"attachment-thumbnail size-thumbnail\" alt=\"\" \/><\/a>\n\t\t\t<\/dt><\/dl>\n\t\t\t<br style='clear: both' \/>\n\t\t<\/div>\n\n<p>Am Freitag wollten wir zum <em>Chacaltaya<\/em>, einem n\u00f6rdlich von<em> La Paz<\/em> gelegenen Berg, von dem man einen traumhaften \u00dcberblick \u00fcber <em>La Paz<\/em> bis zum <em>Titicaca-See<\/em> haben sollte. Da wir das MePa nicht auf 5000 m qu\u00e4len wollten und zudem eine f\u00fcr einen Kastenwagen unrealistische Bodenfreiheit ben\u00f6tigt werden w\u00fcrde, entschlossen wir uns ganz bequem ein Taxi zu nehmen. Gesagt, getan&#8230; Ca. vier Kilometer vor dem Ziel war das Automatikgetriebe \u00fcberhitzt und wir blieben liegen. Der Taxifahrer sammelte Schnee &#8211; wir waren zum Gl\u00fcck l\u00e4ngst oberhalb der Schneefallgrenze &#8211; und warf ihn auf das Getriebe. Wir warteten noch etwa zehn Minuten, dann ging es weiter bis zum Parkplatz. Von hier aus sollten uns noch 150 H\u00f6henmeter vom Gipfel trennen. H\u00f6rt sich nicht viel an, es ging aber auf 5300 m&#8230; Und wenn wir schon unten in <em>La Paz<\/em> bergauf ins Schnaufen kamen, ging es jetzt sehr, sehr langsam voran. Etwa 45 Minuten sp\u00e4ter war der Aufstieg geschafft und wir wurden mit einem traumhaftem Ausblick belohnt. Danach brachte der Taxifahrer uns zur\u00fcck ins Stadtzentrum. Wir setzten unsern Stadtspaziergang fort und schlenderten \u00fcber die M\u00e4rkte. Der Hexenmarkt entt\u00e4uschte etwas, neben den bekannten Lama-Embryonen (werden in alle vier Ecken eines Haus einbetoniert, soll Gl\u00fcck bringen&#8230;?!) gab es jede Menge abgepackte Tees (wohl aus einem China-Container) f\u00fcr Herz, Lunge, Nieren und was einem sonst noch fehlen kann.<\/p>\n\n<div class='gallery'><dl class='gallery-item'>\n\t\t\t<dt class='gallery-icon landscape'>\n\t\t\t\t<a href='https:\/\/panamericana-live.de\/?attachment_id=954'><img loading=\"lazy\" decoding=\"async\" width=\"300\" height=\"300\" src=\"https:\/\/panamericana-live.de\/wp-content\/uploads\/2014\/12\/DSC_2416-300x300.jpg\" class=\"attachment-thumbnail size-thumbnail\" alt=\"\" \/><\/a>\n\t\t\t<\/dt><\/dl><dl class='gallery-item'>\n\t\t\t<dt class='gallery-icon landscape'>\n\t\t\t\t<a href='https:\/\/panamericana-live.de\/?attachment_id=955'><img loading=\"lazy\" decoding=\"async\" width=\"300\" height=\"300\" src=\"https:\/\/panamericana-live.de\/wp-content\/uploads\/2014\/12\/DSC_2423-300x300.jpg\" class=\"attachment-thumbnail size-thumbnail\" alt=\"\" \/><\/a>\n\t\t\t<\/dt><\/dl><dl class='gallery-item'>\n\t\t\t<dt class='gallery-icon landscape'>\n\t\t\t\t<a href='https:\/\/panamericana-live.de\/?attachment_id=953'><img loading=\"lazy\" decoding=\"async\" width=\"300\" height=\"300\" src=\"https:\/\/panamericana-live.de\/wp-content\/uploads\/2014\/12\/DSC_2415-300x300.jpg\" class=\"attachment-thumbnail size-thumbnail\" alt=\"\" \/><\/a>\n\t\t\t<\/dt><\/dl><br style=\"clear: both\" \/><dl class='gallery-item'>\n\t\t\t<dt class='gallery-icon landscape'>\n\t\t\t\t<a href='https:\/\/panamericana-live.de\/?attachment_id=956'><img loading=\"lazy\" decoding=\"async\" width=\"300\" height=\"300\" src=\"https:\/\/panamericana-live.de\/wp-content\/uploads\/2014\/12\/DSC_2460-300x300.jpg\" class=\"attachment-thumbnail size-thumbnail\" alt=\"\" \/><\/a>\n\t\t\t<\/dt><\/dl><dl class='gallery-item'>\n\t\t\t<dt class='gallery-icon landscape'>\n\t\t\t\t<a href='https:\/\/panamericana-live.de\/?attachment_id=958'><img loading=\"lazy\" decoding=\"async\" width=\"300\" height=\"300\" src=\"https:\/\/panamericana-live.de\/wp-content\/uploads\/2014\/12\/DSC_2464-300x300.jpg\" class=\"attachment-thumbnail size-thumbnail\" alt=\"\" \/><\/a>\n\t\t\t<\/dt><\/dl>\n\t\t\t<br style='clear: both' \/>\n\t\t<\/div>\n\n<p>Am dritten Sightseeing-Tag stand der <em>Telef\u00e9rico<\/em> auf dem Programm. Die Seilbahn hat drei Linien und soll die Stadtteile miteinander verbinden. P\u00fcnktlich zum Wahlkampf der Pr\u00e4sidentenwahl wurde sie vor wenigen Monaten fertig gestellt. Mit der gelben Linie fuhren wir zun\u00e4chst nach <em>El Alto<\/em>. Der eigentliche Aussichtspunkt war hoch nicht fertig, dennoch hatten wir einen tollen Blick auf die Stadt. Es war interessant, mal hinter die Fassaden des Armutsviertels blicken zu k\u00f6nnen und die eine und andere wirkliche sch\u00f6ne Ecke zu entdecken. Anschlie\u00dfend stiegen wir in die gr\u00fcne Linie um, das Stadtbild \u00e4nderte sich, wir\u00a0schwebten \u00fcber teilweise sehr luxuri\u00f6se Villen &#8211; und stellten fest, dass wohl nicht jeder Pace\u00f1o von der neuen Sehensw\u00fcrdigkeit begeistert zu sein schien. Am ein oder anderen Dach war n\u00e4mlich schon ein &#8222;zu verkaufen&#8220;-Schild befestigt worden.<\/p>\n<p>P.S. Der Globi, eigentlich eine Schweizer Kinderbuchfigur aus den 1930ern, ist das Maskottchen vom Camping Oberland.<\/p>\n\n<div class='gallery'><dl class='gallery-item'>\n\t\t\t<dt class='gallery-icon landscape'>\n\t\t\t\t<a href='https:\/\/panamericana-live.de\/?attachment_id=960'><img loading=\"lazy\" decoding=\"async\" width=\"300\" height=\"300\" src=\"https:\/\/panamericana-live.de\/wp-content\/uploads\/2014\/12\/DSC_2480-300x300.jpg\" class=\"attachment-thumbnail size-thumbnail\" alt=\"\" \/><\/a>\n\t\t\t<\/dt><\/dl><dl class='gallery-item'>\n\t\t\t<dt class='gallery-icon landscape'>\n\t\t\t\t<a href='https:\/\/panamericana-live.de\/?attachment_id=959'><img loading=\"lazy\" decoding=\"async\" width=\"300\" height=\"300\" src=\"https:\/\/panamericana-live.de\/wp-content\/uploads\/2014\/12\/DSC_2469-300x300.jpg\" class=\"attachment-thumbnail size-thumbnail\" alt=\"\" \/><\/a>\n\t\t\t<\/dt><\/dl><dl class='gallery-item'>\n\t\t\t<dt class='gallery-icon portrait'>\n\t\t\t\t<a href='https:\/\/panamericana-live.de\/?attachment_id=962'><img loading=\"lazy\" decoding=\"async\" width=\"300\" height=\"300\" src=\"https:\/\/panamericana-live.de\/wp-content\/uploads\/2014\/12\/DSC_2496-300x300.jpg\" class=\"attachment-thumbnail size-thumbnail\" alt=\"\" \/><\/a>\n\t\t\t<\/dt><\/dl><br style=\"clear: both\" \/>\n\t\t<\/div>\n\n","protected":false},"excerpt":{"rendered":"<p>Mit gemischten Gef\u00fchlen fuhren wir nach La Paz. Auf der einen Seite waren wir neugierig und freuten uns aus DEN\u00a0Overlander-Treffpunkt auf dem schweizer Camping Oberland, auf der anderen Seite hatten wir Respekt. Mit dem eigenen &hellip; <a href=\"https:\/\/panamericana-live.de\/?p=918\">Weiterlesen<\/a><\/p>\n","protected":false},"author":2,"featured_media":0,"comment_status":"open","ping_status":"open","sticky":false,"template":"","format":"standard","meta":{"footnotes":""},"categories":[41],"tags":[39,78,25],"_links":{"self":[{"href":"https:\/\/panamericana-live.de\/index.php?rest_route=\/wp\/v2\/posts\/918"}],"collection":[{"href":"https:\/\/panamericana-live.de\/index.php?rest_route=\/wp\/v2\/posts"}],"about":[{"href":"https:\/\/panamericana-live.de\/index.php?rest_route=\/wp\/v2\/types\/post"}],"author":[{"embeddable":true,"href":"https:\/\/panamericana-live.de\/index.php?rest_route=\/wp\/v2\/users\/2"}],"replies":[{"embeddable":true,"href":"https:\/\/panamericana-live.de\/index.php?rest_route=%2Fwp%2Fv2%2Fcomments&post=918"}],"version-history":[{"count":6,"href":"https:\/\/panamericana-live.de\/index.php?rest_route=\/wp\/v2\/posts\/918\/revisions"}],"predecessor-version":[{"id":1021,"href":"https:\/\/panamericana-live.de\/index.php?rest_route=\/wp\/v2\/posts\/918\/revisions\/1021"}],"wp:attachment":[{"href":"https:\/\/panamericana-live.de\/index.php?rest_route=%2Fwp%2Fv2%2Fmedia&parent=918"}],"wp:term":[{"taxonomy":"category","embeddable":true,"href":"https:\/\/panamericana-live.de\/index.php?rest_route=%2Fwp%2Fv2%2Fcategories&post=918"},{"taxonomy":"post_tag","embeddable":true,"href":"https:\/\/panamericana-live.de\/index.php?rest_route=%2Fwp%2Fv2%2Ftags&post=918"}],"curies":[{"name":"wp","href":"https:\/\/api.w.org\/{rel}","templated":true}]}}